{"id":21919,"date":"2019-12-10T17:01:02","date_gmt":"2019-12-10T16:01:02","guid":{"rendered":"https:\/\/wmf.wp-247.de\/wmf-press-post\/neue-doppelwandkannen-kollektion-compo-von-wmf-professional\/"},"modified":"2023-03-20T17:05:13","modified_gmt":"2023-03-20T16:05:13","slug":"neue-doppelwandkannen-kollektion-compo-von-wmf-professional","status":"publish","type":"wmf_press_post","link":"https:\/\/aboutwmf.com\/de\/wmf-press-post\/wmf-professional-hotel-equipment\/produkte-services\/neue-doppelwandkannen-kollektion-compo-von-wmf-professional\/","title":{"rendered":"Neue Doppelwandkannen-Kollektion \u201eCOMPO&#8220; von WMF Professional"},"content":{"rendered":"<p><em>Birkenfeld<\/em> &#8211;\u00a0Ob Fr\u00fchst\u00fcck, Nachmittagskaffee oder Roomservice \u2013 mit den Doppelwandkannen der Kollektion \u201eCOMPO&#8220; pr\u00e4sentiert WMF Professional einen perfekten Begleiter f\u00fcr leckeren Kaffee- und Teegenuss. Die neue Serie besticht nicht nur durch einen gro\u00dfz\u00fcgigen Umfang, der keine W\u00fcnsche offenl\u00e4sst. Mit einem gekonnten Formenwechsel von einer quadratischen Grundform hin zum gerundeten oberen Kannenbereich schmeichelt das Design dar\u00fcber hinaus jedem Tischambiente. So harmoniert COMPO mit nahezu allen Stilrichtungen von Porzellan, Besteck und Deko-Artikeln.<\/p>\n<p>Attraktiv und \u00fcberzeugend in Form und Funktion \u2013 die neuen doppelwandigen Edelstahlkannen f\u00fcr Kaffee und Tee werden jedem Anspruch an erstklassigen Service gerecht. Je nach Bedarf kann der Gastronom zwischen Kaffeekanne, Kaffeebereiter, Teekanne plus Teesieb sowie Milchk\u00e4nnchen und Eiswasserkrug w\u00e4hlen. Verschiedene Gr\u00f6\u00dfenvarianten f\u00fcr die Bevorratung von 0,3 bis 1,2 Litern garantieren die perfekte Harmonie zu allen weiteren Elementen des gedeckten Tisches. Gleiche Flexibilit\u00e4t \u2013 und somit auch Investitionsschutz \u2013 beweist die neue Kanne auch bei der Kombination mit anderen Table Top-Elementen von WMF Professional wie etwa der Kollektion \u201eURBAN&#8220;.<\/p>\n<p>Dank des sp\u00fclmaschinenfesten, doppelwandigen 18\/10-Edelstahls ergeben Genuss und Handling ebenfalls ein komfortables Paar: Tee und Kaffee bleiben sehr lange hei\u00df, wobei ein tropffreies Ausschenken und ein sehr gut austariertes Gie\u00dfverhalten f\u00fcr einfache Handhabung sorgen. Gleicher Komfort gilt f\u00fcr den Kannendeckel der COMPO-Kollektion. Dieser l\u00e4sst sich um 180 Grad \u00f6ffnen, so dass die Gef\u00e4\u00dfe auch innen optimal gereinigt werden k\u00f6nnen.<\/p>\n<p><a href=\"http:\/\/www.wmf-professional.de\"><strong>www.wmf-professional.de<\/strong><\/a><\/p>\n<p><strong>Weitere Informationen:<\/strong><br \/>\nproHeq GmbH<br \/>\nWMF Professional<br \/>\nCarl-Benz-Str. 10<br \/>\n75217 Birkenfeld<br \/>\nTel. +49 7231 4885 0<br \/>\nFax +49 7231 4885 83<br \/>\nwmf@press-n-relations.de<br \/>\nwww.wmf-professional.de<\/p>\n<p><strong>Presse- und \u00d6ffentlichkeitsarbeit:<\/strong><br \/>\nWMF Presseb\u00fcro<br \/>\nc\/o Press&#8217;n&#8217;Relations GmbH<br \/>\nMonika Nyendick<br \/>\nMagirusstra\u00dfe 33 \u2013 D-89077 Ulm<br \/>\nTel. +49 731 96287-30<br \/>\nFax +49 731 96287-97<br \/>\nwmf@press-n-relations.de<br \/>\nwww.press-n-relations.de<\/p>\n<p><strong>\u00dcber die WMF Group<\/strong><br \/>\nSeit \u00fcber 160 Jahren ist WMF dem perfekten Dreiklang aus Design, Funktionalit\u00e4t und Qualit\u00e4t verpflichtet. Es ist die Leidenschaft der Mitarbeiter, Menschen zusammenzubringen, sei es daheim, unterwegs oder im Bereich der gehobenen Gastronomie, um ihnen kostbare und k\u00f6stliche gemeinsame Momente zu bescheren. Und das mit Produkten, die durch ihr ausgezeichnetes Design, perfekte Funktionalit\u00e4t und beste Qualit\u00e4t Freude auf ein kulinarisches Erlebnis machen.<\/p>\n<p>WMF Professional als Marke der proHeq GmbH mit Sitz in Birkenfeld z\u00e4hlt zu den f\u00fchrenden Anbietern professioneller Gastronomie- und Hotellerie-Ausstattung. Wesentliche St\u00e4rke des Gesch\u00e4ftbereiches Professional Hotel Equipment sind innovative, hochwertig verarbeitete sowie stilvolle Komplettl\u00f6sungen rund um das Anrichten und Servieren von Speisen und Getr\u00e4nken. Zum umfangreichen Sortiment z\u00e4hlen Besteck und Glaswaren, Servierger\u00e4te, Buffet-Equipment sowie Tischdekoration jeglicher Couleur.<\/p>\n<p>Seit Ende 2016 geh\u00f6rt die proHeq GmbH zum franz\u00f6sischen Groupe SEB Konzern. Im Zuge dessen wurden j\u00fcngst alle B2B-Marken der Gruppe unter dem Dach \u201eSEB PROFESSIONAL&#8220; geb\u00fcndelt. Neben dem Gesch\u00e4ftsbereich Professional Hotel Equipment mit den Marken WMF Professional und HEPP stehen die Kaffeemaschinenmarken WMF, Schaerer und Wilbur Curtis.<\/p>\n","protected":false},"excerpt":{"rendered":"<p><em>Birkenfeld<\/em> &#8211;&nbsp;Ob Fr&uuml;hst&uuml;ck, Nachmittagskaffee oder Roomservice &ndash; mit den Doppelwandkannen der Kollektion &bdquo;COMPO&#8220; pr&auml;sentiert WMF Professional einen perfekten Begleiter f&uuml;r leckeren Kaffee- und Teegenuss.<\/p>\n<div><\/div>\n","protected":false},"author":16,"featured_media":30029,"menu_order":0,"template":"","meta":{"site-sidebar-layout":"default","site-content-layout":"","ast-site-content-layout":"default","site-content-style":"default","site-sidebar-style":"default","ast-global-header-display":"","ast-banner-title-visibility":"","ast-main-header-display":"","ast-hfb-above-header-display":"","ast-hfb-below-header-display":"","ast-hfb-mobile-header-display":"","site-post-title":"","ast-breadcrumbs-content":"","ast-featured-img":"","footer-sml-layout":"","ast-disable-related-posts":"","theme-transparent-header-meta":"","adv-header-id-meta":"","stick-header-meta":"","header-above-stick-meta":"","header-main-stick-meta":"","header-below-stick-meta":"","astra-migrate-meta-layouts":"default","ast-page-background-enabled":"default","ast-page-background-meta":{"desktop":{"background-color":"var(--ast-global-color-4)","background-image":"","background-repeat":"repeat","background-position":"center center","background-size":"auto","background-attachment":"scroll","background-type":"","background-media":"","overlay-type":"","overlay-color":"","overlay-opacity":"","overlay-gradient":""},"tablet":{"background-color":"","background-image":"","background-repeat":"repeat","background-position":"center center","background-size":"auto","background-attachment":"scroll","background-type":"","background-media":"","overlay-type":"","overlay-color":"","overlay-opacity":"","overlay-gradient":""},"mobile":{"background-color":"","background-image":"","background-repeat":"repeat","background-position":"center center","background-size":"auto","background-attachment":"scroll","background-type":"","background-media":"","overlay-type":"","overlay-color":"","overlay-opacity":"","overlay-gradient":""}},"ast-content-background-meta":{"desktop":{"background-color":"var(--ast-global-color-5)","background-image":"","background-repeat":"repeat","background-position":"center center","background-size":"auto","background-attachment":"scroll","background-type":"","background-media":"","overlay-type":"","overlay-color":"","overlay-opacity":"","overlay-gradient":""},"tablet":{"background-color":"var(--ast-global-color-5)","background-image":"","background-repeat":"repeat","background-position":"center center","background-size":"auto","background-attachment":"scroll","background-type":"","background-media":"","overlay-type":"","overlay-color":"","overlay-opacity":"","overlay-gradient":""},"mobile":{"background-color":"var(--ast-global-color-5)","background-image":"","background-repeat":"repeat","background-position":"center center","background-size":"auto","background-attachment":"scroll","background-type":"","background-media":"","overlay-type":"","overlay-color":"","overlay-opacity":"","overlay-gradient":""}},"_themeisle_gutenberg_block_has_review":false,"footnotes":""},"wmf_post_category":[57],"class_list":["post-21919","wmf_press_post","type-wmf_press_post","status-publish","has-post-thumbnail","hentry","wmf_post_category-produkte-services"],"yoast_head":"<!-- This site is optimized with the Yoast SEO plugin v27.3 - https:\/\/yoast.com\/product\/yoast-seo-wordpress\/ -->\n<title>Neue Doppelwandkannen-Kollektion \u201eCOMPO&quot; von WMF Professional |<\/title>\n<meta name=\"robots\" content=\"index, follow, max-snippet:-1, max-image-preview:large, max-video-preview:-1\" \/>\n<link rel=\"canonical\" href=\"https:\/\/aboutwmf.com\/de\/wmf-press-post\/wmf-professional-hotel-equipment\/produkte-services\/neue-doppelwandkannen-kollektion-compo-von-wmf-professional\/\" \/>\n<meta property=\"og:locale\" content=\"de_DE\" \/>\n<meta property=\"og:type\" content=\"article\" \/>\n<meta property=\"og:title\" content=\"Neue Doppelwandkannen-Kollektion \u201eCOMPO&quot; von WMF Professional |\" \/>\n<meta property=\"og:description\" content=\"Birkenfeld -&nbsp;Ob Fr&uuml;hst&uuml;ck, Nachmittagskaffee oder Roomservice &ndash; mit den Doppelwandkannen der Kollektion &bdquo;COMPO&quot; pr&auml;sentiert WMF Professional einen perfekten Begleiter f&uuml;r leckeren Kaffee- und Teegenuss.\" \/>\n<meta property=\"og:url\" content=\"https:\/\/aboutwmf.com\/de\/wmf-press-post\/wmf-professional-hotel-equipment\/produkte-services\/neue-doppelwandkannen-kollektion-compo-von-wmf-professional\/\" \/>\n<meta property=\"article:modified_time\" content=\"2023-03-20T16:05:13+00:00\" \/>\n<meta property=\"og:image\" content=\"https:\/\/aboutwmf.com\/wp-content\/uploads\/2019\/12\/PNR39320-scaled.jpg\" \/>\n\t<meta property=\"og:image:width\" content=\"2560\" \/>\n\t<meta property=\"og:image:height\" content=\"1920\" \/>\n\t<meta property=\"og:image:type\" content=\"image\/jpeg\" \/>\n<meta name=\"twitter:card\" content=\"summary_large_image\" \/>\n<script type=\"application\/ld+json\" class=\"yoast-schema-graph\">{\"@context\":\"https:\\\/\\\/schema.org\",\"@graph\":[{\"@type\":\"WebPage\",\"@id\":\"https:\\\/\\\/aboutwmf.com\\\/de\\\/wmf-press-post\\\/wmf-professional-hotel-equipment\\\/produkte-services\\\/neue-doppelwandkannen-kollektion-compo-von-wmf-professional\\\/\",\"url\":\"https:\\\/\\\/aboutwmf.com\\\/de\\\/wmf-press-post\\\/wmf-professional-hotel-equipment\\\/produkte-services\\\/neue-doppelwandkannen-kollektion-compo-von-wmf-professional\\\/\",\"name\":\"Neue Doppelwandkannen-Kollektion \u201eCOMPO\\\" von WMF Professional |\",\"isPartOf\":{\"@id\":\"https:\\\/\\\/aboutwmf.com\\\/de\\\/#website\"},\"primaryImageOfPage\":{\"@id\":\"https:\\\/\\\/aboutwmf.com\\\/de\\\/wmf-press-post\\\/wmf-professional-hotel-equipment\\\/produkte-services\\\/neue-doppelwandkannen-kollektion-compo-von-wmf-professional\\\/#primaryimage\"},\"image\":{\"@id\":\"https:\\\/\\\/aboutwmf.com\\\/de\\\/wmf-press-post\\\/wmf-professional-hotel-equipment\\\/produkte-services\\\/neue-doppelwandkannen-kollektion-compo-von-wmf-professional\\\/#primaryimage\"},\"thumbnailUrl\":\"https:\\\/\\\/aboutwmf.com\\\/wp-content\\\/uploads\\\/2019\\\/12\\\/PNR39320-scaled.jpg\",\"datePublished\":\"2019-12-10T16:01:02+00:00\",\"dateModified\":\"2023-03-20T16:05:13+00:00\",\"breadcrumb\":{\"@id\":\"https:\\\/\\\/aboutwmf.com\\\/de\\\/wmf-press-post\\\/wmf-professional-hotel-equipment\\\/produkte-services\\\/neue-doppelwandkannen-kollektion-compo-von-wmf-professional\\\/#breadcrumb\"},\"inLanguage\":\"de\",\"potentialAction\":[{\"@type\":\"ReadAction\",\"target\":[\"https:\\\/\\\/aboutwmf.com\\\/de\\\/wmf-press-post\\\/wmf-professional-hotel-equipment\\\/produkte-services\\\/neue-doppelwandkannen-kollektion-compo-von-wmf-professional\\\/\"]}]},{\"@type\":\"ImageObject\",\"inLanguage\":\"de\",\"@id\":\"https:\\\/\\\/aboutwmf.com\\\/de\\\/wmf-press-post\\\/wmf-professional-hotel-equipment\\\/produkte-services\\\/neue-doppelwandkannen-kollektion-compo-von-wmf-professional\\\/#primaryimage\",\"url\":\"https:\\\/\\\/aboutwmf.com\\\/wp-content\\\/uploads\\\/2019\\\/12\\\/PNR39320-scaled.jpg\",\"contentUrl\":\"https:\\\/\\\/aboutwmf.com\\\/wp-content\\\/uploads\\\/2019\\\/12\\\/PNR39320-scaled.jpg\",\"width\":2560,\"height\":1920,\"caption\":\"#WMF-Compo\"},{\"@type\":\"BreadcrumbList\",\"@id\":\"https:\\\/\\\/aboutwmf.com\\\/de\\\/wmf-press-post\\\/wmf-professional-hotel-equipment\\\/produkte-services\\\/neue-doppelwandkannen-kollektion-compo-von-wmf-professional\\\/#breadcrumb\",\"itemListElement\":[{\"@type\":\"ListItem\",\"position\":1,\"name\":\"Startseite\",\"item\":\"https:\\\/\\\/aboutwmf.com\\\/de\\\/\"},{\"@type\":\"ListItem\",\"position\":2,\"name\":\"Pressemitteilung\",\"item\":\"https:\\\/\\\/aboutwmf.com\\\/de\\\/wmf-press-post\\\/\"},{\"@type\":\"ListItem\",\"position\":3,\"name\":\"Neue Doppelwandkannen-Kollektion \u201eCOMPO&#8220; von WMF Professional\"}]},{\"@type\":\"WebSite\",\"@id\":\"https:\\\/\\\/aboutwmf.com\\\/de\\\/#website\",\"url\":\"https:\\\/\\\/aboutwmf.com\\\/de\\\/\",\"name\":\"WMF\",\"description\":\"\",\"publisher\":{\"@id\":\"https:\\\/\\\/aboutwmf.com\\\/de\\\/#organization\"},\"potentialAction\":[{\"@type\":\"SearchAction\",\"target\":{\"@type\":\"EntryPoint\",\"urlTemplate\":\"https:\\\/\\\/aboutwmf.com\\\/de\\\/?s={search_term_string}\"},\"query-input\":{\"@type\":\"PropertyValueSpecification\",\"valueRequired\":true,\"valueName\":\"search_term_string\"}}],\"inLanguage\":\"de\"},{\"@type\":\"Organization\",\"@id\":\"https:\\\/\\\/aboutwmf.com\\\/de\\\/#organization\",\"name\":\"WMF GmbH\",\"url\":\"https:\\\/\\\/aboutwmf.com\\\/de\\\/\",\"logo\":{\"@type\":\"ImageObject\",\"inLanguage\":\"de\",\"@id\":\"https:\\\/\\\/aboutwmf.com\\\/de\\\/#\\\/schema\\\/logo\\\/image\\\/\",\"url\":\"https:\\\/\\\/aboutwmf.com\\\/wp-content\\\/uploads\\\/2021\\\/07\\\/Logo_Black.svg\",\"contentUrl\":\"https:\\\/\\\/aboutwmf.com\\\/wp-content\\\/uploads\\\/2021\\\/07\\\/Logo_Black.svg\",\"width\":165,\"height\":51,\"caption\":\"WMF GmbH\"},\"image\":{\"@id\":\"https:\\\/\\\/aboutwmf.com\\\/de\\\/#\\\/schema\\\/logo\\\/image\\\/\"}}]}<\/script>\n<!-- \/ Yoast SEO plugin. -->","yoast_head_json":{"title":"Neue Doppelwandkannen-Kollektion \u201eCOMPO\" von WMF Professional |","robots":{"index":"index","follow":"follow","max-snippet":"max-snippet:-1","max-image-preview":"max-image-preview:large","max-video-preview":"max-video-preview:-1"},"canonical":"https:\/\/aboutwmf.com\/de\/wmf-press-post\/wmf-professional-hotel-equipment\/produkte-services\/neue-doppelwandkannen-kollektion-compo-von-wmf-professional\/","og_locale":"de_DE","og_type":"article","og_title":"Neue Doppelwandkannen-Kollektion \u201eCOMPO\" von WMF Professional |","og_description":"Birkenfeld -&nbsp;Ob Fr&uuml;hst&uuml;ck, Nachmittagskaffee oder Roomservice &ndash; mit den Doppelwandkannen der Kollektion &bdquo;COMPO\" pr&auml;sentiert WMF Professional einen perfekten Begleiter f&uuml;r leckeren Kaffee- und Teegenuss.","og_url":"https:\/\/aboutwmf.com\/de\/wmf-press-post\/wmf-professional-hotel-equipment\/produkte-services\/neue-doppelwandkannen-kollektion-compo-von-wmf-professional\/","article_modified_time":"2023-03-20T16:05:13+00:00","og_image":[{"width":2560,"height":1920,"url":"https:\/\/aboutwmf.com\/wp-content\/uploads\/2019\/12\/PNR39320-scaled.jpg","type":"image\/jpeg"}],"twitter_card":"summary_large_image","schema":{"@context":"https:\/\/schema.org","@graph":[{"@type":"WebPage","@id":"https:\/\/aboutwmf.com\/de\/wmf-press-post\/wmf-professional-hotel-equipment\/produkte-services\/neue-doppelwandkannen-kollektion-compo-von-wmf-professional\/","url":"https:\/\/aboutwmf.com\/de\/wmf-press-post\/wmf-professional-hotel-equipment\/produkte-services\/neue-doppelwandkannen-kollektion-compo-von-wmf-professional\/","name":"Neue Doppelwandkannen-Kollektion \u201eCOMPO\" von WMF Professional |","isPartOf":{"@id":"https:\/\/aboutwmf.com\/de\/#website"},"primaryImageOfPage":{"@id":"https:\/\/aboutwmf.com\/de\/wmf-press-post\/wmf-professional-hotel-equipment\/produkte-services\/neue-doppelwandkannen-kollektion-compo-von-wmf-professional\/#primaryimage"},"image":{"@id":"https:\/\/aboutwmf.com\/de\/wmf-press-post\/wmf-professional-hotel-equipment\/produkte-services\/neue-doppelwandkannen-kollektion-compo-von-wmf-professional\/#primaryimage"},"thumbnailUrl":"https:\/\/aboutwmf.com\/wp-content\/uploads\/2019\/12\/PNR39320-scaled.jpg","datePublished":"2019-12-10T16:01:02+00:00","dateModified":"2023-03-20T16:05:13+00:00","breadcrumb":{"@id":"https:\/\/aboutwmf.com\/de\/wmf-press-post\/wmf-professional-hotel-equipment\/produkte-services\/neue-doppelwandkannen-kollektion-compo-von-wmf-professional\/#breadcrumb"},"inLanguage":"de","potentialAction":[{"@type":"ReadAction","target":["https:\/\/aboutwmf.com\/de\/wmf-press-post\/wmf-professional-hotel-equipment\/produkte-services\/neue-doppelwandkannen-kollektion-compo-von-wmf-professional\/"]}]},{"@type":"ImageObject","inLanguage":"de","@id":"https:\/\/aboutwmf.com\/de\/wmf-press-post\/wmf-professional-hotel-equipment\/produkte-services\/neue-doppelwandkannen-kollektion-compo-von-wmf-professional\/#primaryimage","url":"https:\/\/aboutwmf.com\/wp-content\/uploads\/2019\/12\/PNR39320-scaled.jpg","contentUrl":"https:\/\/aboutwmf.com\/wp-content\/uploads\/2019\/12\/PNR39320-scaled.jpg","width":2560,"height":1920,"caption":"#WMF-Compo"},{"@type":"BreadcrumbList","@id":"https:\/\/aboutwmf.com\/de\/wmf-press-post\/wmf-professional-hotel-equipment\/produkte-services\/neue-doppelwandkannen-kollektion-compo-von-wmf-professional\/#breadcrumb","itemListElement":[{"@type":"ListItem","position":1,"name":"Startseite","item":"https:\/\/aboutwmf.com\/de\/"},{"@type":"ListItem","position":2,"name":"Pressemitteilung","item":"https:\/\/aboutwmf.com\/de\/wmf-press-post\/"},{"@type":"ListItem","position":3,"name":"Neue Doppelwandkannen-Kollektion \u201eCOMPO&#8220; von WMF Professional"}]},{"@type":"WebSite","@id":"https:\/\/aboutwmf.com\/de\/#website","url":"https:\/\/aboutwmf.com\/de\/","name":"WMF","description":"","publisher":{"@id":"https:\/\/aboutwmf.com\/de\/#organization"},"potentialAction":[{"@type":"SearchAction","target":{"@type":"EntryPoint","urlTemplate":"https:\/\/aboutwmf.com\/de\/?s={search_term_string}"},"query-input":{"@type":"PropertyValueSpecification","valueRequired":true,"valueName":"search_term_string"}}],"inLanguage":"de"},{"@type":"Organization","@id":"https:\/\/aboutwmf.com\/de\/#organization","name":"WMF GmbH","url":"https:\/\/aboutwmf.com\/de\/","logo":{"@type":"ImageObject","inLanguage":"de","@id":"https:\/\/aboutwmf.com\/de\/#\/schema\/logo\/image\/","url":"https:\/\/aboutwmf.com\/wp-content\/uploads\/2021\/07\/Logo_Black.svg","contentUrl":"https:\/\/aboutwmf.com\/wp-content\/uploads\/2021\/07\/Logo_Black.svg","width":165,"height":51,"caption":"WMF GmbH"},"image":{"@id":"https:\/\/aboutwmf.com\/de\/#\/schema\/logo\/image\/"}}]}},"post-downloads":false,"post_gallery":false,"_links":{"self":[{"href":"https:\/\/aboutwmf.com\/de\/wp-json\/wp\/v2\/wmf_press_post\/21919","targetHints":{"allow":["GET"]}}],"collection":[{"href":"https:\/\/aboutwmf.com\/de\/wp-json\/wp\/v2\/wmf_press_post"}],"about":[{"href":"https:\/\/aboutwmf.com\/de\/wp-json\/wp\/v2\/types\/wmf_press_post"}],"author":[{"embeddable":true,"href":"https:\/\/aboutwmf.com\/de\/wp-json\/wp\/v2\/users\/16"}],"version-history":[{"count":0,"href":"https:\/\/aboutwmf.com\/de\/wp-json\/wp\/v2\/wmf_press_post\/21919\/revisions"}],"wp:featuredmedia":[{"embeddable":true,"href":"https:\/\/aboutwmf.com\/de\/wp-json\/wp\/v2\/media\/30029"}],"wp:attachment":[{"href":"https:\/\/aboutwmf.com\/de\/wp-json\/wp\/v2\/media?parent=21919"}],"wp:term":[{"taxonomy":"wmf_post_category","embeddable":true,"href":"https:\/\/aboutwmf.com\/de\/wp-json\/wp\/v2\/wmf_post_category?post=21919"}],"curies":[{"name":"wp","href":"https:\/\/api.w.org\/{rel}","templated":true}]}}