{"id":45713,"date":"2022-09-08T14:56:05","date_gmt":"2022-09-08T12:56:05","guid":{"rendered":"https:\/\/aboutwmf.com\/?post_type=wmf_press_post&#038;p=45713"},"modified":"2022-09-29T09:20:53","modified_gmt":"2022-09-29T07:20:53","slug":"wmf-bringt-mit-den-kuechenminis-deep-black-das-kleine-schwarze-in-den-haushalt","status":"publish","type":"wmf_press_post","link":"https:\/\/aboutwmf.com\/de\/wmf-press-post\/wmf-consumer\/wmf-bringt-mit-den-kuechenminis-deep-black-das-kleine-schwarze-in-den-haushalt\/","title":{"rendered":"WMF bringt mit den K\u00dcCHENminis DEEP BLACK das kleine Schwarze in den Haushalt"},"content":{"rendered":"\n<p><strong>Anspruchsvolle Genie\u00dfer und Designlover aufgepasst: Das kleine Schwarze gibt es ab November 2022 auch f\u00fcr die K\u00fcche. Elegant, zeitlos und ohne Abstriche in puncto Funktion avanciert die dreiteilige Kompakt-Ger\u00e4te-Serie WMF K\u00dcCHENminis DEEP BLACK insbesondere f\u00fcr Singles sowie kleinere Haushalte zu perfekten K\u00fcchengadgets. Dank des edlen Designs sind die \u201eMinis\u201c nicht nur wahre Platzsparwunder, die selbst in der kleinsten K\u00fcche Platz finden, sondern dar\u00fcber hinaus auch richtige Hingucker. &nbsp;<\/strong><\/p>\n\n\n\n<p>In den meisten St\u00e4dten werden die Wohnr\u00e4ume immer kleiner und jeder Quadratmeter wird optimal genutzt \u2013 sowohl in puncto Raumaufteilung und Stauraum als auch bei den gew\u00fcnschten Haushalts- und K\u00fcchenger\u00e4ten. Besonders f\u00fcr das Leben in der Innenstadt bedarf es demzufolge kompakter und gleichzeitig stylischer Produkte, die sich sehen lassen k\u00f6nnen. Dies trifft nicht zuletzt auf Single- oder kleine Haushalte zu, f\u00fcr die die \u00fcblichen Ger\u00e4tema\u00dfe ohnehin nicht selten \u00fcberdimensioniert sind. Und hier kommt das neue WMF K\u00dcCHENminis Fr\u00fchst\u00fcck-Set bestehend aus Toaster, Smoothie-to-go und Wasserkocher ins Spiel. Die drei Ger\u00e4te passen dank ihrer kompakten Gr\u00f6\u00dfe in jede K\u00fcche. Zugleich wissen die \u201eMinis\u201c mit ihrer schwarzen Aufmachung durch zeitlose Optik zu begeistern und vereinen trotz kleinerer Ma\u00dfe s\u00e4mtliche Anforderungen an Qualit\u00e4t und Funktion. Das mattschwarze Edelstahlgeh\u00e4use sorgt f\u00fcr eine robuste, langlebige Leistung und besticht durch seine elegante schwarze Hochglanzoberfl\u00e4che. Aufgrund der jahrelangen Erfahrung wei\u00df WMF, was die Konsumenten brauchen und erf\u00fcllt die Bed\u00fcrfnisse mit kompakten, smarten und qualitativ hochwertigen Produkten. Die neue Edition der K\u00dcCHENminis DEEP BLACK ist ab November 2022 im Handel erh\u00e4ltlich und sorgt mit ihrem matten Finish fortan auch in der kleinsten K\u00fcche f\u00fcr stylische Momente. &nbsp;&nbsp;<\/p>\n\n\n\n<p><strong>Design und Funktionen:<\/strong><\/p>\n\n\n\n<p><strong>WMF K\u00dcCHENminis Langschlitz-Toaster<\/strong><\/p>\n\n\n\n<ul class=\"wp-block-list\"><li>Hohe Kapazit\u00e4t in einem kompakten Geh\u00e4use<\/li><li>Bis zu 7 Br\u00e4unungsstufen<\/li><li>Vielseitige Funktionen: Toasten, Aufw\u00e4rmen, Auftauen von gefrorenen Brotscheiben, Bagel-Toasteinstellung<\/li><li>Integrierter Aufsatz f\u00fcr Br\u00f6tchen und Croissants<\/li><li>Herausnehmbare Kr\u00fcmelschublade f\u00fcr eine makellose K\u00fcchenzeile<\/li><\/ul>\n\n\n\n<p><strong>WMF K\u00dcCHENminis Smoothie-to-go<\/strong><\/p>\n\n\n\n<ul class=\"wp-block-list\"><li><strong>&nbsp;<\/strong>WMF High Performance: 300 Watt Leistung sowie 23.000 Umdrehungen pro Minute<\/li><li>Auslaufsicherer Schraubdeckel<\/li><li>Eisw\u00fcrfel werden m\u00fchelos gecrushed f\u00fcr gek\u00fchlte, erfrischende Smoothies und andere Mixgetr\u00e4nke<\/li><li>Exklusive WMF Perfect Cut Technologie und hochwertiges 2-Klingen Edelstahlmesser f\u00fcr hervorragende Zerkleinerungs- und Mixergebnisse<\/li><li>Zwei geruchs-, geschmacks- und BPA-freie TRITAN Mixer-\/Trinkflaschen<\/li><li>Bequeme, intuitive Bedienung und perfekte Ergonomie<\/li><\/ul>\n\n\n\n<p><strong>WMF K\u00dcCHENminis Wasserkocher<\/strong><\/p>\n\n\n\n<ul class=\"wp-block-list\"><li>1.800 Watt Leistung<\/li><li>&nbsp;Interne Wasserstandsanzeige<\/li><li>&nbsp;Kabelloser 360\u00b0-Sockel<\/li><li>&nbsp;Einfaches \u00d6ffnen per Knopfdruck<\/li><li>&nbsp;Herausnehmbarer, waschbarer Filter h\u00e4lt Kalk und andere Ablagerungen fest, sodass diese nicht mit ausgegossen werden und erm\u00f6glicht eine einfache Reinigung<\/li><li>&nbsp;Vielseitiges Fassungsverm\u00f6gen von 0,8 l<\/li><\/ul>\n\n\n\n<p><strong>Verf\u00fcgbarkeit und Preise<\/strong><\/p>\n\n\n\n<p>Die WMF K\u00dcCHENminis DEEP BLACK ist ab November 2022 im Handel erh\u00e4ltlich.<\/p>\n\n\n\n<p>WMF K\u00dcCHENminis Langschlitz-Toaster&nbsp;&nbsp;&nbsp;&nbsp;&nbsp;&nbsp;&nbsp;&nbsp;&nbsp;&nbsp;&nbsp;&nbsp;&nbsp;&nbsp;&nbsp;&nbsp;&nbsp;&nbsp;&nbsp;&nbsp;&nbsp;&nbsp;&nbsp; UVP: 109,99\u20ac<\/p>\n\n\n\n<p>WMF K\u00dcCHENminis Smoothie-to-go&nbsp;&nbsp;&nbsp;&nbsp;&nbsp;&nbsp;&nbsp;&nbsp;&nbsp;&nbsp;&nbsp;&nbsp;&nbsp;&nbsp;&nbsp;&nbsp;&nbsp;&nbsp;&nbsp;&nbsp;&nbsp;&nbsp;&nbsp;&nbsp;&nbsp;&nbsp;&nbsp;&nbsp; UVP: 99,99\u20ac<\/p>\n\n\n\n<p>WMF K\u00dcCHENminis Wasserkocher 0,8 l &nbsp;&nbsp;&nbsp;&nbsp;&nbsp;&nbsp;&nbsp;&nbsp;&nbsp;&nbsp;&nbsp;&nbsp;&nbsp;&nbsp;&nbsp;&nbsp;&nbsp;&nbsp;&nbsp;&nbsp;&nbsp;&nbsp;&nbsp; UVP: 109,99\u20ac<\/p>\n\n\n\n<p>&nbsp;&nbsp;&nbsp;&nbsp; * Unverbindliche Preisempfehlung der WMF GmbH<\/p>\n\n\n\n<p><strong>\u00dcber WMF<\/strong><\/p>\n\n\n\n<p>WMF, kurz f\u00fcr W\u00fcrttembergische Metallwarenfabrik, ist ein f\u00fchrender Premiumanbieter f\u00fcr Haushaltsprodukte, professionelle Kaffeemaschinen und Hotelequipment. WMF steht f\u00fcr Innovation aus Tradition und \u00fcberzeugt mit Entwicklung und Design \u201eMade in Germany\u201c. Unter den Marken WMF, Silit und Kaiser bietet das Unternehmen Produkte zum Zubereiten, Kochen, Essen, Trinken und Backen f\u00fcr den Gebrauch zu Hause. Gesch\u00e4ftskund*innen, insbesondere aus Gastronomie und Hotellerie, stehen Produktsortimente rund um die Kaffeezubereitung sowie f\u00fcr den gedeckten Tisch und das Buffet unter den Marken WMF, Schaerer, Curtis und Hepp zur Verf\u00fcgung. WMF ist mit seinen Produkten in \u00fcber 120 L\u00e4ndern vertreten und hat mehr als 6000 Mitarbeiter*innen. In Deutschland, \u00d6sterreich und der Schweiz, aber auch im restlichen Europa sowie weltweit z.B. in China betreibt WMF insgesamt rund 350 eigene Shops. Das Unternehmen wurde 1853 in Geislingen an der Steige gegr\u00fcndet und geh\u00f6rt seit Ende 2016 zum Konzern der franz\u00f6sischen Groupe SEB.<\/p>\n\n\n\n<p>Weitere Informationen unter <a href=\"file:\/\/\/C:\/Users\/spitzl\/AppData\/Local\/Microsoft\/Windows\/INetCache\/Content.Outlook\/7RK75ZM3\/www.wmf.com\">www.wmf.com<\/a><\/p>\n","protected":false},"excerpt":{"rendered":"<p>Anspruchsvolle Genie\u00dfer und Designlover aufgepasst: Das kleine Schwarze gibt es ab November 2022 auch f\u00fcr die K\u00fcche. Elegant, zeitlos und ohne Abstriche in puncto Funktion avanciert die dreiteilige Kompakt-Ger\u00e4te-Serie WMF K\u00dcCHENminis DEEP BLACK insbesondere f\u00fcr Singles sowie kleinere Haushalte zu perfekten K\u00fcchengadgets. Dank des edlen Designs sind die \u201eMinis\u201c nicht nur wahre Platzsparwunder, die selbst [&hellip;]<\/p>\n","protected":false},"author":49,"featured_media":45723,"menu_order":0,"template":"","meta":{"site-sidebar-layout":"default","site-content-layout":"","ast-site-content-layout":"default","site-content-style":"default","site-sidebar-style":"default","ast-global-header-display":"","ast-banner-title-visibility":"","ast-main-header-display":"","ast-hfb-above-header-display":"","ast-hfb-below-header-display":"","ast-hfb-mobile-header-display":"","site-post-title":"","ast-breadcrumbs-content":"","ast-featured-img":"","footer-sml-layout":"","ast-disable-related-posts":"","theme-transparent-header-meta":"","adv-header-id-meta":"","stick-header-meta":"","header-above-stick-meta":"","header-main-stick-meta":"","header-below-stick-meta":"","astra-migrate-meta-layouts":"default","ast-page-background-enabled":"default","ast-page-background-meta":{"desktop":{"background-color":"var(--ast-global-color-4)","background-image":"","background-repeat":"repeat","background-position":"center center","background-size":"auto","background-attachment":"scroll","background-type":"","background-media":"","overlay-type":"","overlay-color":"","overlay-opacity":"","overlay-gradient":""},"tablet":{"background-color":"","background-image":"","background-repeat":"repeat","background-position":"center center","background-size":"auto","background-attachment":"scroll","background-type":"","background-media":"","overlay-type":"","overlay-color":"","overlay-opacity":"","overlay-gradient":""},"mobile":{"background-color":"","background-image":"","background-repeat":"repeat","background-position":"center center","background-size":"auto","background-attachment":"scroll","background-type":"","background-media":"","overlay-type":"","overlay-color":"","overlay-opacity":"","overlay-gradient":""}},"ast-content-background-meta":{"desktop":{"background-color":"var(--ast-global-color-5)","background-image":"","background-repeat":"repeat","background-position":"center center","background-size":"auto","background-attachment":"scroll","background-type":"","background-media":"","overlay-type":"","overlay-color":"","overlay-opacity":"","overlay-gradient":""},"tablet":{"background-color":"var(--ast-global-color-5)","background-image":"","background-repeat":"repeat","background-position":"center center","background-size":"auto","background-attachment":"scroll","background-type":"","background-media":"","overlay-type":"","overlay-color":"","overlay-opacity":"","overlay-gradient":""},"mobile":{"background-color":"var(--ast-global-color-5)","background-image":"","background-repeat":"repeat","background-position":"center center","background-size":"auto","background-attachment":"scroll","background-type":"","background-media":"","overlay-type":"","overlay-color":"","overlay-opacity":"","overlay-gradient":""}},"_themeisle_gutenberg_block_has_review":false,"footnotes":""},"wmf_post_category":[27],"class_list":["post-45713","wmf_press_post","type-wmf_press_post","status-publish","has-post-thumbnail","hentry","wmf_post_category-wmf-consumer"],"yoast_head":"<!-- This site is optimized with the Yoast SEO plugin v27.3 - https:\/\/yoast.com\/product\/yoast-seo-wordpress\/ -->\n<title>WMF bringt mit den K\u00dcCHENminis DEEP BLACK das kleine Schwarze in den Haushalt |<\/title>\n<meta name=\"robots\" content=\"index, follow, max-snippet:-1, max-image-preview:large, max-video-preview:-1\" \/>\n<link rel=\"canonical\" href=\"https:\/\/aboutwmf.com\/de\/wmf-press-post\/wmf-consumer\/wmf-bringt-mit-den-kuechenminis-deep-black-das-kleine-schwarze-in-den-haushalt\/\" \/>\n<meta property=\"og:locale\" content=\"de_DE\" \/>\n<meta property=\"og:type\" content=\"article\" \/>\n<meta property=\"og:title\" content=\"WMF bringt mit den K\u00dcCHENminis DEEP BLACK das kleine Schwarze in den Haushalt |\" \/>\n<meta property=\"og:description\" content=\"Anspruchsvolle Genie\u00dfer und Designlover aufgepasst: Das kleine Schwarze gibt es ab November 2022 auch f\u00fcr die K\u00fcche. Elegant, zeitlos und ohne Abstriche in puncto Funktion avanciert die dreiteilige Kompakt-Ger\u00e4te-Serie WMF K\u00dcCHENminis DEEP BLACK insbesondere f\u00fcr Singles sowie kleinere Haushalte zu perfekten K\u00fcchengadgets. Dank des edlen Designs sind die \u201eMinis\u201c nicht nur wahre Platzsparwunder, die selbst [&hellip;]\" \/>\n<meta property=\"og:url\" content=\"https:\/\/aboutwmf.com\/de\/wmf-press-post\/wmf-consumer\/wmf-bringt-mit-den-kuechenminis-deep-black-das-kleine-schwarze-in-den-haushalt\/\" \/>\n<meta property=\"article:modified_time\" content=\"2022-09-29T07:20:53+00:00\" \/>\n<meta property=\"og:image\" content=\"https:\/\/aboutwmf.com\/wp-content\/uploads\/2022\/09\/Bild1.jpg\" \/>\n\t<meta property=\"og:image:width\" content=\"605\" \/>\n\t<meta property=\"og:image:height\" content=\"344\" \/>\n\t<meta property=\"og:image:type\" content=\"image\/jpeg\" \/>\n<meta name=\"twitter:card\" content=\"summary_large_image\" \/>\n<script type=\"application\/ld+json\" class=\"yoast-schema-graph\">{\"@context\":\"https:\\\/\\\/schema.org\",\"@graph\":[{\"@type\":\"WebPage\",\"@id\":\"https:\\\/\\\/aboutwmf.com\\\/de\\\/wmf-press-post\\\/wmf-consumer\\\/wmf-bringt-mit-den-kuechenminis-deep-black-das-kleine-schwarze-in-den-haushalt\\\/\",\"url\":\"https:\\\/\\\/aboutwmf.com\\\/de\\\/wmf-press-post\\\/wmf-consumer\\\/wmf-bringt-mit-den-kuechenminis-deep-black-das-kleine-schwarze-in-den-haushalt\\\/\",\"name\":\"WMF bringt mit den K\u00dcCHENminis DEEP BLACK das kleine Schwarze in den Haushalt |\",\"isPartOf\":{\"@id\":\"https:\\\/\\\/aboutwmf.com\\\/de\\\/#website\"},\"primaryImageOfPage\":{\"@id\":\"https:\\\/\\\/aboutwmf.com\\\/de\\\/wmf-press-post\\\/wmf-consumer\\\/wmf-bringt-mit-den-kuechenminis-deep-black-das-kleine-schwarze-in-den-haushalt\\\/#primaryimage\"},\"image\":{\"@id\":\"https:\\\/\\\/aboutwmf.com\\\/de\\\/wmf-press-post\\\/wmf-consumer\\\/wmf-bringt-mit-den-kuechenminis-deep-black-das-kleine-schwarze-in-den-haushalt\\\/#primaryimage\"},\"thumbnailUrl\":\"https:\\\/\\\/aboutwmf.com\\\/wp-content\\\/uploads\\\/2022\\\/09\\\/Bild1.jpg\",\"datePublished\":\"2022-09-08T12:56:05+00:00\",\"dateModified\":\"2022-09-29T07:20:53+00:00\",\"breadcrumb\":{\"@id\":\"https:\\\/\\\/aboutwmf.com\\\/de\\\/wmf-press-post\\\/wmf-consumer\\\/wmf-bringt-mit-den-kuechenminis-deep-black-das-kleine-schwarze-in-den-haushalt\\\/#breadcrumb\"},\"inLanguage\":\"de\",\"potentialAction\":[{\"@type\":\"ReadAction\",\"target\":[\"https:\\\/\\\/aboutwmf.com\\\/de\\\/wmf-press-post\\\/wmf-consumer\\\/wmf-bringt-mit-den-kuechenminis-deep-black-das-kleine-schwarze-in-den-haushalt\\\/\"]}]},{\"@type\":\"ImageObject\",\"inLanguage\":\"de\",\"@id\":\"https:\\\/\\\/aboutwmf.com\\\/de\\\/wmf-press-post\\\/wmf-consumer\\\/wmf-bringt-mit-den-kuechenminis-deep-black-das-kleine-schwarze-in-den-haushalt\\\/#primaryimage\",\"url\":\"https:\\\/\\\/aboutwmf.com\\\/wp-content\\\/uploads\\\/2022\\\/09\\\/Bild1.jpg\",\"contentUrl\":\"https:\\\/\\\/aboutwmf.com\\\/wp-content\\\/uploads\\\/2022\\\/09\\\/Bild1.jpg\",\"width\":605,\"height\":344},{\"@type\":\"BreadcrumbList\",\"@id\":\"https:\\\/\\\/aboutwmf.com\\\/de\\\/wmf-press-post\\\/wmf-consumer\\\/wmf-bringt-mit-den-kuechenminis-deep-black-das-kleine-schwarze-in-den-haushalt\\\/#breadcrumb\",\"itemListElement\":[{\"@type\":\"ListItem\",\"position\":1,\"name\":\"Startseite\",\"item\":\"https:\\\/\\\/aboutwmf.com\\\/de\\\/\"},{\"@type\":\"ListItem\",\"position\":2,\"name\":\"Pressemitteilung\",\"item\":\"https:\\\/\\\/aboutwmf.com\\\/de\\\/wmf-press-post\\\/\"},{\"@type\":\"ListItem\",\"position\":3,\"name\":\"WMF bringt mit den K\u00dcCHENminis DEEP BLACK das kleine Schwarze in den Haushalt\"}]},{\"@type\":\"WebSite\",\"@id\":\"https:\\\/\\\/aboutwmf.com\\\/de\\\/#website\",\"url\":\"https:\\\/\\\/aboutwmf.com\\\/de\\\/\",\"name\":\"WMF\",\"description\":\"\",\"publisher\":{\"@id\":\"https:\\\/\\\/aboutwmf.com\\\/de\\\/#organization\"},\"potentialAction\":[{\"@type\":\"SearchAction\",\"target\":{\"@type\":\"EntryPoint\",\"urlTemplate\":\"https:\\\/\\\/aboutwmf.com\\\/de\\\/?s={search_term_string}\"},\"query-input\":{\"@type\":\"PropertyValueSpecification\",\"valueRequired\":true,\"valueName\":\"search_term_string\"}}],\"inLanguage\":\"de\"},{\"@type\":\"Organization\",\"@id\":\"https:\\\/\\\/aboutwmf.com\\\/de\\\/#organization\",\"name\":\"WMF GmbH\",\"url\":\"https:\\\/\\\/aboutwmf.com\\\/de\\\/\",\"logo\":{\"@type\":\"ImageObject\",\"inLanguage\":\"de\",\"@id\":\"https:\\\/\\\/aboutwmf.com\\\/de\\\/#\\\/schema\\\/logo\\\/image\\\/\",\"url\":\"https:\\\/\\\/aboutwmf.com\\\/wp-content\\\/uploads\\\/2021\\\/07\\\/Logo_Black.svg\",\"contentUrl\":\"https:\\\/\\\/aboutwmf.com\\\/wp-content\\\/uploads\\\/2021\\\/07\\\/Logo_Black.svg\",\"width\":165,\"height\":51,\"caption\":\"WMF GmbH\"},\"image\":{\"@id\":\"https:\\\/\\\/aboutwmf.com\\\/de\\\/#\\\/schema\\\/logo\\\/image\\\/\"}}]}<\/script>\n<!-- \/ Yoast SEO plugin. -->","yoast_head_json":{"title":"WMF bringt mit den K\u00dcCHENminis DEEP BLACK das kleine Schwarze in den Haushalt |","robots":{"index":"index","follow":"follow","max-snippet":"max-snippet:-1","max-image-preview":"max-image-preview:large","max-video-preview":"max-video-preview:-1"},"canonical":"https:\/\/aboutwmf.com\/de\/wmf-press-post\/wmf-consumer\/wmf-bringt-mit-den-kuechenminis-deep-black-das-kleine-schwarze-in-den-haushalt\/","og_locale":"de_DE","og_type":"article","og_title":"WMF bringt mit den K\u00dcCHENminis DEEP BLACK das kleine Schwarze in den Haushalt |","og_description":"Anspruchsvolle Genie\u00dfer und Designlover aufgepasst: Das kleine Schwarze gibt es ab November 2022 auch f\u00fcr die K\u00fcche. Elegant, zeitlos und ohne Abstriche in puncto Funktion avanciert die dreiteilige Kompakt-Ger\u00e4te-Serie WMF K\u00dcCHENminis DEEP BLACK insbesondere f\u00fcr Singles sowie kleinere Haushalte zu perfekten K\u00fcchengadgets. Dank des edlen Designs sind die \u201eMinis\u201c nicht nur wahre Platzsparwunder, die selbst [&hellip;]","og_url":"https:\/\/aboutwmf.com\/de\/wmf-press-post\/wmf-consumer\/wmf-bringt-mit-den-kuechenminis-deep-black-das-kleine-schwarze-in-den-haushalt\/","article_modified_time":"2022-09-29T07:20:53+00:00","og_image":[{"width":605,"height":344,"url":"https:\/\/aboutwmf.com\/wp-content\/uploads\/2022\/09\/Bild1.jpg","type":"image\/jpeg"}],"twitter_card":"summary_large_image","schema":{"@context":"https:\/\/schema.org","@graph":[{"@type":"WebPage","@id":"https:\/\/aboutwmf.com\/de\/wmf-press-post\/wmf-consumer\/wmf-bringt-mit-den-kuechenminis-deep-black-das-kleine-schwarze-in-den-haushalt\/","url":"https:\/\/aboutwmf.com\/de\/wmf-press-post\/wmf-consumer\/wmf-bringt-mit-den-kuechenminis-deep-black-das-kleine-schwarze-in-den-haushalt\/","name":"WMF bringt mit den K\u00dcCHENminis DEEP BLACK das kleine Schwarze in den Haushalt |","isPartOf":{"@id":"https:\/\/aboutwmf.com\/de\/#website"},"primaryImageOfPage":{"@id":"https:\/\/aboutwmf.com\/de\/wmf-press-post\/wmf-consumer\/wmf-bringt-mit-den-kuechenminis-deep-black-das-kleine-schwarze-in-den-haushalt\/#primaryimage"},"image":{"@id":"https:\/\/aboutwmf.com\/de\/wmf-press-post\/wmf-consumer\/wmf-bringt-mit-den-kuechenminis-deep-black-das-kleine-schwarze-in-den-haushalt\/#primaryimage"},"thumbnailUrl":"https:\/\/aboutwmf.com\/wp-content\/uploads\/2022\/09\/Bild1.jpg","datePublished":"2022-09-08T12:56:05+00:00","dateModified":"2022-09-29T07:20:53+00:00","breadcrumb":{"@id":"https:\/\/aboutwmf.com\/de\/wmf-press-post\/wmf-consumer\/wmf-bringt-mit-den-kuechenminis-deep-black-das-kleine-schwarze-in-den-haushalt\/#breadcrumb"},"inLanguage":"de","potentialAction":[{"@type":"ReadAction","target":["https:\/\/aboutwmf.com\/de\/wmf-press-post\/wmf-consumer\/wmf-bringt-mit-den-kuechenminis-deep-black-das-kleine-schwarze-in-den-haushalt\/"]}]},{"@type":"ImageObject","inLanguage":"de","@id":"https:\/\/aboutwmf.com\/de\/wmf-press-post\/wmf-consumer\/wmf-bringt-mit-den-kuechenminis-deep-black-das-kleine-schwarze-in-den-haushalt\/#primaryimage","url":"https:\/\/aboutwmf.com\/wp-content\/uploads\/2022\/09\/Bild1.jpg","contentUrl":"https:\/\/aboutwmf.com\/wp-content\/uploads\/2022\/09\/Bild1.jpg","width":605,"height":344},{"@type":"BreadcrumbList","@id":"https:\/\/aboutwmf.com\/de\/wmf-press-post\/wmf-consumer\/wmf-bringt-mit-den-kuechenminis-deep-black-das-kleine-schwarze-in-den-haushalt\/#breadcrumb","itemListElement":[{"@type":"ListItem","position":1,"name":"Startseite","item":"https:\/\/aboutwmf.com\/de\/"},{"@type":"ListItem","position":2,"name":"Pressemitteilung","item":"https:\/\/aboutwmf.com\/de\/wmf-press-post\/"},{"@type":"ListItem","position":3,"name":"WMF bringt mit den K\u00dcCHENminis DEEP BLACK das kleine Schwarze in den Haushalt"}]},{"@type":"WebSite","@id":"https:\/\/aboutwmf.com\/de\/#website","url":"https:\/\/aboutwmf.com\/de\/","name":"WMF","description":"","publisher":{"@id":"https:\/\/aboutwmf.com\/de\/#organization"},"potentialAction":[{"@type":"SearchAction","target":{"@type":"EntryPoint","urlTemplate":"https:\/\/aboutwmf.com\/de\/?s={search_term_string}"},"query-input":{"@type":"PropertyValueSpecification","valueRequired":true,"valueName":"search_term_string"}}],"inLanguage":"de"},{"@type":"Organization","@id":"https:\/\/aboutwmf.com\/de\/#organization","name":"WMF GmbH","url":"https:\/\/aboutwmf.com\/de\/","logo":{"@type":"ImageObject","inLanguage":"de","@id":"https:\/\/aboutwmf.com\/de\/#\/schema\/logo\/image\/","url":"https:\/\/aboutwmf.com\/wp-content\/uploads\/2021\/07\/Logo_Black.svg","contentUrl":"https:\/\/aboutwmf.com\/wp-content\/uploads\/2021\/07\/Logo_Black.svg","width":165,"height":51,"caption":"WMF GmbH"},"image":{"@id":"https:\/\/aboutwmf.com\/de\/#\/schema\/logo\/image\/"}}]}},"post-downloads":false,"post_gallery":[{"ID":"45717","post_author":"49","post_date":"2022-09-14 14:50:14","post_date_gmt":"2022-09-14 12:50:14","post_content":"","post_title":"Digital-04_1412_0071_100","post_excerpt":"","post_status":"inherit","comment_status":"closed","ping_status":"closed","post_password":"","post_name":"digital-04_1412_0071_100","to_ping":"","pinged":"","post_modified":"2022-09-23 15:31:08","post_modified_gmt":"2022-09-23 13:31:08","post_content_filtered":"","post_parent":"45713","guid":"https:\/\/aboutwmf.com\/wp-content\/uploads\/2022\/09\/Digital-04_1412_0071_100.png","menu_order":"0","post_type":"attachment","post_mime_type":"image\/png","comment_count":"0","pod_item_id":"45717"},{"ID":"45719","post_author":"49","post_date":"2022-09-14 14:50:56","post_date_gmt":"2022-09-14 12:50:56","post_content":"","post_title":"Digital-04_1314_0071_compact_kettle_with_full_performance_301","post_excerpt":"","post_status":"inherit","comment_status":"closed","ping_status":"closed","post_password":"","post_name":"digital-04_1314_0071_compact_kettle_with_full_performance_301","to_ping":"","pinged":"","post_modified":"2022-09-23 15:31:08","post_modified_gmt":"2022-09-23 13:31:08","post_content_filtered":"","post_parent":"45713","guid":"https:\/\/aboutwmf.com\/wp-content\/uploads\/2022\/09\/Digital-04_1314_0071_compact_kettle_with_full_performance_301.png","menu_order":"0","post_type":"attachment","post_mime_type":"image\/png","comment_count":"0","pod_item_id":"45719"},{"ID":"45727","post_author":"49","post_date":"2022-09-14 14:54:57","post_date_gmt":"2022-09-14 12:54:57","post_content":"","post_title":"Digital-04_1650_0071_1001","post_excerpt":"","post_status":"inherit","comment_status":"closed","ping_status":"closed","post_password":"","post_name":"digital-04_1650_0071_1001","to_ping":"","pinged":"","post_modified":"2022-09-23 15:31:08","post_modified_gmt":"2022-09-23 13:31:08","post_content_filtered":"","post_parent":"45713","guid":"https:\/\/aboutwmf.com\/wp-content\/uploads\/2022\/09\/Digital-04_1650_0071_1001.png","menu_order":"0","post_type":"attachment","post_mime_type":"image\/png","comment_count":"0","pod_item_id":"45727"}],"_links":{"self":[{"href":"https:\/\/aboutwmf.com\/de\/wp-json\/wp\/v2\/wmf_press_post\/45713","targetHints":{"allow":["GET"]}}],"collection":[{"href":"https:\/\/aboutwmf.com\/de\/wp-json\/wp\/v2\/wmf_press_post"}],"about":[{"href":"https:\/\/aboutwmf.com\/de\/wp-json\/wp\/v2\/types\/wmf_press_post"}],"author":[{"embeddable":true,"href":"https:\/\/aboutwmf.com\/de\/wp-json\/wp\/v2\/users\/49"}],"version-history":[{"count":0,"href":"https:\/\/aboutwmf.com\/de\/wp-json\/wp\/v2\/wmf_press_post\/45713\/revisions"}],"wp:featuredmedia":[{"embeddable":true,"href":"https:\/\/aboutwmf.com\/de\/wp-json\/wp\/v2\/media\/45723"}],"wp:attachment":[{"href":"https:\/\/aboutwmf.com\/de\/wp-json\/wp\/v2\/media?parent=45713"}],"wp:term":[{"taxonomy":"wmf_post_category","embeddable":true,"href":"https:\/\/aboutwmf.com\/de\/wp-json\/wp\/v2\/wmf_post_category?post=45713"}],"curies":[{"name":"wp","href":"https:\/\/api.w.org\/{rel}","templated":true}]}}