{"id":9004111222826196,"date":"2026-03-27T09:44:23","date_gmt":"2026-03-27T08:44:23","guid":{"rendered":"https:\/\/aboutwmf.com\/?post_type=wmf_press_post&#038;p=9004111222826196"},"modified":"2026-03-31T15:37:13","modified_gmt":"2026-03-31T13:37:13","slug":"fuer-sammler-und-design-liebhaber-wmf-und-lufthansa-feiern-mit-re-edition-einer-besteckraritaet-genusstradition-an-bord","status":"publish","type":"wmf_press_post","link":"https:\/\/aboutwmf.com\/de\/wmf-press-post\/wmf-consumer\/fuer-sammler-und-design-liebhaber-wmf-und-lufthansa-feiern-mit-re-edition-einer-besteckraritaet-genusstradition-an-bord\/","title":{"rendered":"F\u00fcr Sammler und Design-Liebhaber: WMF und Lufthansa feiern mit Re-Edition einer Besteckrarit\u00e4t Genusstradition an Bord"},"content":{"rendered":"\n<p><strong>WMF und Lufthansa \u2013 zwei deutsche Markenikonen \u2013 feiern ihre gemeinsame Tradition zum 100-j\u00e4hrigen Jubil\u00e4um der Lufthansa mit einem exklusiven Limited-Edition-Besteckset. Angelehnt an das kompakte Airline-Besteck und inspiriert vom legend\u00e4ren Flugzeugmodell \u201eJu 52\u201c \u00fcberzeugt das Design Liebhaber mit Art-Deco-Ankl\u00e4ngen, markanten Rillen und einer hochwertigen, ergonomischen Haptik. Das Set aus Men\u00fc-Besteck und Kaffeel\u00f6ffel kommt im stilvollen Aluminium-Case mit eleganter Pr\u00e4gung &#8211; perfekt zum Sammeln und Verschenken.<\/strong><\/p>\n\n\n\n<p>Zum 100. Geburtstag der Lufthansa l\u00e4sst WMF die Designtradition der First-Class-Verpflegung an Bord neu aufleben. Das 4-teilige Lufthansa Ju First Class Besteck-Set verbindet moderne Materialien, zeitlose \u00c4sthetik und luftfahrthistorische Symbolik zu einer stilvollen Hommage.<\/p>\n\n\n\n<p><strong>Elegant Heritage: WMF und Lufthansa legen gemeinsames Design-Erbe neu auf<\/strong><br>WMF und Lufthansa pr\u00e4gen gemeinsam seit vielen Jahrzehnten das Premium-Reisegef\u00fchl an Bord. Bereits in den 1980er-Jahren erhielten Passagiere der ersten Klasse erstmals ihre Mahlzeiten mit WMF-Besteck. Messer, L\u00f6ffel oder Gabel aus der Original-Kollektion des deutschen Designers Wolfgang Karnagel z\u00e4hlen heute als echte Sammlerst\u00fccke <em>\u2013<\/em> Vielfliegerinnen und Vielflieger verbinden damit Erinnerungen an pr\u00e4gende Momente \u00fcber den Wolken, zwischen Reisekomfort, Genuss und Vorfreude<em>.<\/em> Karnagel, der sich im Bereich Tischkultur bereits durch die Arbeit f\u00fcr namhafte Porzellanmanufakturen einen Namen gemacht hatte, entwarf damals die gesamte Bordausstattung, vom Geschirr bis zum Ketchup-T\u00fctchen. Zum 100-j\u00e4hrigen Jubil\u00e4um der Lufthansa erscheint nun eine Re-Edition des Bordbesteck-Designs.<\/p>\n\n\n\n<p><em>\u201eDie Zusammenarbeit zwischen WMF\u00a0und der\u00a0Lufthansa steht exemplarisch f\u00fcr die Verbindung von zeitlosem Design, verl\u00e4sslicher Qualit\u00e4t und Service u. a. auch an Bord der legend\u00e4ren\u00a0Junkers Ju 52&#8243;<\/em>,\u00a0sagt David Arle, Produktentwickler und Sourcing Manager bei Miles &amp; More.<\/p>\n\n\n\n<p><strong>Von der Geschichte inspiriert: Elegantes Art-Deco-Design aus robustem Cromargan<\/strong>\u00ae<strong>-Edelstahl<\/strong><br>Die Junkers \u2013 liebevoll \u201cTante Ju\u201d oder einfach \u201eJu 52\u201c genannt &#8211; war eines der wichtigsten Zivil- und Transportflugzeuge der 1930er- und 1940er-Jahre und wurde f\u00fcr die Lufthansa zum Symbol der eigenen Geschichte. Karnagel griff dieses Motiv auf und \u00fcbersetzte einzelne Merkmale der Fliegerikone in ein zeitlos elegantes Art-Deco-Design. Die Rillenstruktur am Griff ist daher mehr als nur ein \u00e4sthetisches Element \u2013 sie erinnert an den charakteristischen Wellblechrumpf der \u201eJu 52\u201c, w\u00e4hrend die hochwertige Verarbeitung und ergonomische Haptik des Bestecks ihre funktionalen Eigenschaften verk\u00f6rpern. Der verwendete Cromargan\u00ae Edelstahl 18\/10 macht das Besteck au\u00dferdem besonders pflegeleicht, hygienisch und langlebig.<\/p>\n\n\n\n<p><em>\u201eWie seine historische Vorlage steckt das Design unseres Airline-Bestecks voller Geheimnisse. Neben subtiler Luftfahrtsymbolik verbirgt sich dahinter zum Beispiel auch ein ganz praktischer Clou: Messer, Gabel und L\u00f6ffel lassen sich n\u00e4mlich einfach stapeln \u2013 perfekt f\u00fcr den Einsatz an Bord\u201c<\/em>, verr\u00e4t Rebecca Braun, Marketing Director Premium von WMF.<\/p>\n\n\n\n<p><strong>Gut gepackt im hochwertigen Case mit Streamline-Dekor<\/strong><br>Das Lufthansa Ju First Class Besteck-Set besteht aus Men\u00fcgabel, Men\u00fcl\u00f6ffel, Men\u00fcmesser und Kaffeel\u00f6ffel. Es kommt in einem Premium-Case aus Aluminium und eignet sich dadurch perfekt zum Verschenken, Sammeln oder als stilvolles Accessoire auf Reisen. Das Streamline-Dekor des Bestecks setzt sich auf dem Deckel des Cases fort und verleiht der zentral platzierten Flugzeugpr\u00e4gung eine dynamische Anmutung.<\/p>\n\n\n\n<p><strong>Verf\u00fcgbarkeit und Preis<\/strong>\u00a0<br>Das 4-teilige <strong>Lufthansa Ju First Class Besteck-Set<\/strong> ist ab April 2026 zu einem <strong>Preis von 39,99 \u20ac<\/strong> im WMF Online Shop sowie im Worldshop und im Lufthansa Group Hangar One erh\u00e4ltlich.<\/p>\n\n\n\n<p><a href=\"https:\/\/dam.groupeseb.com\/share\/F3A2D1E4-B6B3-4DE9-B66EF9922F377B13\/\" target=\"_blank\" rel=\"noreferrer noopener\"><mark style=\"background-color:rgba(0, 0, 0, 0);color:#0026ff\" class=\"has-inline-color\">Hochaufl\u00f6sendes Bildmaterial<\/mark><\/a><mark style=\"background-color:rgba(0, 0, 0, 0);color:#0026ff\" class=\"has-inline-color\"><br><\/mark><a href=\"https:\/\/myconvento.com\/public\/get_file.php?download=1&amp;id=enc2_VTNreFRsSldWVmhqWmxKc1JqRnFZMGQ1UlRsSVFUMDk\" target=\"_blank\" rel=\"noreferrer noopener\"><mark style=\"background-color:rgba(0, 0, 0, 0);color:#0026ff\" class=\"has-inline-color\">Die Pressemeldung als PDF finden Sie hier<\/mark><\/a><mark style=\"background-color:rgba(0, 0, 0, 0);color:#0026ff\" class=\"has-inline-color\">.<\/mark><\/p>\n\n\n\n<p><\/p>\n","protected":false},"excerpt":{"rendered":"<p>WMF und Lufthansa \u2013 zwei deutsche Markenikonen \u2013 feiern ihre gemeinsame Tradition zum 100-j\u00e4hrigen Jubil\u00e4um der Lufthansa mit einem exklusiven Limited-Edition-Besteckset. Angelehnt an das kompakte Airline-Besteck und inspiriert vom legend\u00e4ren Flugzeugmodell \u201eJu 52\u201c \u00fcberzeugt das Design Liebhaber mit Art-Deco-Ankl\u00e4ngen, markanten Rillen und einer hochwertigen, ergonomischen Haptik. Das Set aus Men\u00fc-Besteck und Kaffeel\u00f6ffel kommt im stilvollen [&hellip;]<\/p>\n","protected":false},"author":19,"featured_media":9004111222826229,"menu_order":0,"template":"","meta":{"site-sidebar-layout":"default","site-content-layout":"","ast-site-content-layout":"default","site-content-style":"default","site-sidebar-style":"default","ast-global-header-display":"","ast-banner-title-visibility":"","ast-main-header-display":"","ast-hfb-above-header-display":"","ast-hfb-below-header-display":"","ast-hfb-mobile-header-display":"","site-post-title":"","ast-breadcrumbs-content":"","ast-featured-img":"","footer-sml-layout":"","ast-disable-related-posts":"","theme-transparent-header-meta":"","adv-header-id-meta":"","stick-header-meta":"","header-above-stick-meta":"","header-main-stick-meta":"","header-below-stick-meta":"","astra-migrate-meta-layouts":"set","ast-page-background-enabled":"default","ast-page-background-meta":{"desktop":{"background-color":"var(--ast-global-color-4)","background-image":"","background-repeat":"repeat","background-position":"center center","background-size":"auto","background-attachment":"scroll","background-type":"","background-media":"","overlay-type":"","overlay-color":"","overlay-opacity":"","overlay-gradient":""},"tablet":{"background-color":"","background-image":"","background-repeat":"repeat","background-position":"center center","background-size":"auto","background-attachment":"scroll","background-type":"","background-media":"","overlay-type":"","overlay-color":"","overlay-opacity":"","overlay-gradient":""},"mobile":{"background-color":"","background-image":"","background-repeat":"repeat","background-position":"center center","background-size":"auto","background-attachment":"scroll","background-type":"","background-media":"","overlay-type":"","overlay-color":"","overlay-opacity":"","overlay-gradient":""}},"ast-content-background-meta":{"desktop":{"background-color":"var(--ast-global-color-5)","background-image":"","background-repeat":"repeat","background-position":"center center","background-size":"auto","background-attachment":"scroll","background-type":"","background-media":"","overlay-type":"","overlay-color":"","overlay-opacity":"","overlay-gradient":""},"tablet":{"background-color":"var(--ast-global-color-5)","background-image":"","background-repeat":"repeat","background-position":"center center","background-size":"auto","background-attachment":"scroll","background-type":"","background-media":"","overlay-type":"","overlay-color":"","overlay-opacity":"","overlay-gradient":""},"mobile":{"background-color":"var(--ast-global-color-5)","background-image":"","background-repeat":"repeat","background-position":"center center","background-size":"auto","background-attachment":"scroll","background-type":"","background-media":"","overlay-type":"","overlay-color":"","overlay-opacity":"","overlay-gradient":""}},"_themeisle_gutenberg_block_has_review":false,"footnotes":""},"wmf_post_category":[27],"class_list":["post-9004111222826196","wmf_press_post","type-wmf_press_post","status-publish","has-post-thumbnail","hentry","wmf_post_category-wmf-consumer"],"yoast_head":"<!-- This site is optimized with the Yoast SEO plugin v27.3 - https:\/\/yoast.com\/product\/yoast-seo-wordpress\/ -->\n<title>F\u00fcr Sammler und Design-Liebhaber: WMF und Lufthansa feiern mit Re-Edition einer Besteckrarit\u00e4t Genusstradition an Bord |<\/title>\n<meta name=\"robots\" content=\"index, follow, max-snippet:-1, max-image-preview:large, max-video-preview:-1\" \/>\n<link rel=\"canonical\" href=\"https:\/\/aboutwmf.com\/de\/wmf-press-post\/wmf-consumer\/fuer-sammler-und-design-liebhaber-wmf-und-lufthansa-feiern-mit-re-edition-einer-besteckraritaet-genusstradition-an-bord\/\" \/>\n<meta property=\"og:locale\" content=\"de_DE\" \/>\n<meta property=\"og:type\" content=\"article\" \/>\n<meta property=\"og:title\" content=\"F\u00fcr Sammler und Design-Liebhaber: WMF und Lufthansa feiern mit Re-Edition einer Besteckrarit\u00e4t Genusstradition an Bord |\" \/>\n<meta property=\"og:description\" content=\"WMF und Lufthansa \u2013 zwei deutsche Markenikonen \u2013 feiern ihre gemeinsame Tradition zum 100-j\u00e4hrigen Jubil\u00e4um der Lufthansa mit einem exklusiven Limited-Edition-Besteckset. Angelehnt an das kompakte Airline-Besteck und inspiriert vom legend\u00e4ren Flugzeugmodell \u201eJu 52\u201c \u00fcberzeugt das Design Liebhaber mit Art-Deco-Ankl\u00e4ngen, markanten Rillen und einer hochwertigen, ergonomischen Haptik. Das Set aus Men\u00fc-Besteck und Kaffeel\u00f6ffel kommt im stilvollen [&hellip;]\" \/>\n<meta property=\"og:url\" content=\"https:\/\/aboutwmf.com\/de\/wmf-press-post\/wmf-consumer\/fuer-sammler-und-design-liebhaber-wmf-und-lufthansa-feiern-mit-re-edition-einer-besteckraritaet-genusstradition-an-bord\/\" \/>\n<meta property=\"article:modified_time\" content=\"2026-03-31T13:37:13+00:00\" \/>\n<meta property=\"og:image\" content=\"https:\/\/aboutwmf.com\/wp-content\/uploads\/2026\/03\/Titelbild-WMF-Lufthansa-Ju-Edition-First-Class-Besteck2-scaled-e1774964609987.png\" \/>\n\t<meta property=\"og:image:width\" content=\"2534\" \/>\n\t<meta property=\"og:image:height\" content=\"887\" \/>\n\t<meta property=\"og:image:type\" content=\"image\/png\" \/>\n<meta name=\"twitter:card\" content=\"summary_large_image\" \/>\n<script type=\"application\/ld+json\" class=\"yoast-schema-graph\">{\"@context\":\"https:\\\/\\\/schema.org\",\"@graph\":[{\"@type\":\"WebPage\",\"@id\":\"https:\\\/\\\/aboutwmf.com\\\/de\\\/wmf-press-post\\\/wmf-consumer\\\/fuer-sammler-und-design-liebhaber-wmf-und-lufthansa-feiern-mit-re-edition-einer-besteckraritaet-genusstradition-an-bord\\\/\",\"url\":\"https:\\\/\\\/aboutwmf.com\\\/de\\\/wmf-press-post\\\/wmf-consumer\\\/fuer-sammler-und-design-liebhaber-wmf-und-lufthansa-feiern-mit-re-edition-einer-besteckraritaet-genusstradition-an-bord\\\/\",\"name\":\"F\u00fcr Sammler und Design-Liebhaber: WMF und Lufthansa feiern mit Re-Edition einer Besteckrarit\u00e4t Genusstradition an Bord |\",\"isPartOf\":{\"@id\":\"https:\\\/\\\/aboutwmf.com\\\/de\\\/#website\"},\"primaryImageOfPage\":{\"@id\":\"https:\\\/\\\/aboutwmf.com\\\/de\\\/wmf-press-post\\\/wmf-consumer\\\/fuer-sammler-und-design-liebhaber-wmf-und-lufthansa-feiern-mit-re-edition-einer-besteckraritaet-genusstradition-an-bord\\\/#primaryimage\"},\"image\":{\"@id\":\"https:\\\/\\\/aboutwmf.com\\\/de\\\/wmf-press-post\\\/wmf-consumer\\\/fuer-sammler-und-design-liebhaber-wmf-und-lufthansa-feiern-mit-re-edition-einer-besteckraritaet-genusstradition-an-bord\\\/#primaryimage\"},\"thumbnailUrl\":\"https:\\\/\\\/aboutwmf.com\\\/wp-content\\\/uploads\\\/2026\\\/03\\\/Titelbild-WMF-Lufthansa-Ju-Edition-First-Class-Besteck2-scaled-e1774964609987.png\",\"datePublished\":\"2026-03-27T08:44:23+00:00\",\"dateModified\":\"2026-03-31T13:37:13+00:00\",\"breadcrumb\":{\"@id\":\"https:\\\/\\\/aboutwmf.com\\\/de\\\/wmf-press-post\\\/wmf-consumer\\\/fuer-sammler-und-design-liebhaber-wmf-und-lufthansa-feiern-mit-re-edition-einer-besteckraritaet-genusstradition-an-bord\\\/#breadcrumb\"},\"inLanguage\":\"de\",\"potentialAction\":[{\"@type\":\"ReadAction\",\"target\":[\"https:\\\/\\\/aboutwmf.com\\\/de\\\/wmf-press-post\\\/wmf-consumer\\\/fuer-sammler-und-design-liebhaber-wmf-und-lufthansa-feiern-mit-re-edition-einer-besteckraritaet-genusstradition-an-bord\\\/\"]}]},{\"@type\":\"ImageObject\",\"inLanguage\":\"de\",\"@id\":\"https:\\\/\\\/aboutwmf.com\\\/de\\\/wmf-press-post\\\/wmf-consumer\\\/fuer-sammler-und-design-liebhaber-wmf-und-lufthansa-feiern-mit-re-edition-einer-besteckraritaet-genusstradition-an-bord\\\/#primaryimage\",\"url\":\"https:\\\/\\\/aboutwmf.com\\\/wp-content\\\/uploads\\\/2026\\\/03\\\/Titelbild-WMF-Lufthansa-Ju-Edition-First-Class-Besteck2-scaled-e1774964609987.png\",\"contentUrl\":\"https:\\\/\\\/aboutwmf.com\\\/wp-content\\\/uploads\\\/2026\\\/03\\\/Titelbild-WMF-Lufthansa-Ju-Edition-First-Class-Besteck2-scaled-e1774964609987.png\",\"width\":2534,\"height\":887},{\"@type\":\"BreadcrumbList\",\"@id\":\"https:\\\/\\\/aboutwmf.com\\\/de\\\/wmf-press-post\\\/wmf-consumer\\\/fuer-sammler-und-design-liebhaber-wmf-und-lufthansa-feiern-mit-re-edition-einer-besteckraritaet-genusstradition-an-bord\\\/#breadcrumb\",\"itemListElement\":[{\"@type\":\"ListItem\",\"position\":1,\"name\":\"Startseite\",\"item\":\"https:\\\/\\\/aboutwmf.com\\\/de\\\/\"},{\"@type\":\"ListItem\",\"position\":2,\"name\":\"Pressemitteilung\",\"item\":\"https:\\\/\\\/aboutwmf.com\\\/de\\\/wmf-press-post\\\/\"},{\"@type\":\"ListItem\",\"position\":3,\"name\":\"F\u00fcr Sammler und Design-Liebhaber: WMF und Lufthansa feiern mit Re-Edition einer Besteckrarit\u00e4t Genusstradition an Bord\"}]},{\"@type\":\"WebSite\",\"@id\":\"https:\\\/\\\/aboutwmf.com\\\/de\\\/#website\",\"url\":\"https:\\\/\\\/aboutwmf.com\\\/de\\\/\",\"name\":\"WMF\",\"description\":\"\",\"publisher\":{\"@id\":\"https:\\\/\\\/aboutwmf.com\\\/de\\\/#organization\"},\"potentialAction\":[{\"@type\":\"SearchAction\",\"target\":{\"@type\":\"EntryPoint\",\"urlTemplate\":\"https:\\\/\\\/aboutwmf.com\\\/de\\\/?s={search_term_string}\"},\"query-input\":{\"@type\":\"PropertyValueSpecification\",\"valueRequired\":true,\"valueName\":\"search_term_string\"}}],\"inLanguage\":\"de\"},{\"@type\":\"Organization\",\"@id\":\"https:\\\/\\\/aboutwmf.com\\\/de\\\/#organization\",\"name\":\"WMF GmbH\",\"url\":\"https:\\\/\\\/aboutwmf.com\\\/de\\\/\",\"logo\":{\"@type\":\"ImageObject\",\"inLanguage\":\"de\",\"@id\":\"https:\\\/\\\/aboutwmf.com\\\/de\\\/#\\\/schema\\\/logo\\\/image\\\/\",\"url\":\"https:\\\/\\\/aboutwmf.com\\\/wp-content\\\/uploads\\\/2021\\\/07\\\/Logo_Black.svg\",\"contentUrl\":\"https:\\\/\\\/aboutwmf.com\\\/wp-content\\\/uploads\\\/2021\\\/07\\\/Logo_Black.svg\",\"width\":165,\"height\":51,\"caption\":\"WMF GmbH\"},\"image\":{\"@id\":\"https:\\\/\\\/aboutwmf.com\\\/de\\\/#\\\/schema\\\/logo\\\/image\\\/\"}}]}<\/script>\n<!-- \/ Yoast SEO plugin. -->","yoast_head_json":{"title":"F\u00fcr Sammler und Design-Liebhaber: WMF und Lufthansa feiern mit Re-Edition einer Besteckrarit\u00e4t Genusstradition an Bord |","robots":{"index":"index","follow":"follow","max-snippet":"max-snippet:-1","max-image-preview":"max-image-preview:large","max-video-preview":"max-video-preview:-1"},"canonical":"https:\/\/aboutwmf.com\/de\/wmf-press-post\/wmf-consumer\/fuer-sammler-und-design-liebhaber-wmf-und-lufthansa-feiern-mit-re-edition-einer-besteckraritaet-genusstradition-an-bord\/","og_locale":"de_DE","og_type":"article","og_title":"F\u00fcr Sammler und Design-Liebhaber: WMF und Lufthansa feiern mit Re-Edition einer Besteckrarit\u00e4t Genusstradition an Bord |","og_description":"WMF und Lufthansa \u2013 zwei deutsche Markenikonen \u2013 feiern ihre gemeinsame Tradition zum 100-j\u00e4hrigen Jubil\u00e4um der Lufthansa mit einem exklusiven Limited-Edition-Besteckset. Angelehnt an das kompakte Airline-Besteck und inspiriert vom legend\u00e4ren Flugzeugmodell \u201eJu 52\u201c \u00fcberzeugt das Design Liebhaber mit Art-Deco-Ankl\u00e4ngen, markanten Rillen und einer hochwertigen, ergonomischen Haptik. Das Set aus Men\u00fc-Besteck und Kaffeel\u00f6ffel kommt im stilvollen [&hellip;]","og_url":"https:\/\/aboutwmf.com\/de\/wmf-press-post\/wmf-consumer\/fuer-sammler-und-design-liebhaber-wmf-und-lufthansa-feiern-mit-re-edition-einer-besteckraritaet-genusstradition-an-bord\/","article_modified_time":"2026-03-31T13:37:13+00:00","og_image":[{"width":2534,"height":887,"url":"https:\/\/aboutwmf.com\/wp-content\/uploads\/2026\/03\/Titelbild-WMF-Lufthansa-Ju-Edition-First-Class-Besteck2-scaled-e1774964609987.png","type":"image\/png"}],"twitter_card":"summary_large_image","schema":{"@context":"https:\/\/schema.org","@graph":[{"@type":"WebPage","@id":"https:\/\/aboutwmf.com\/de\/wmf-press-post\/wmf-consumer\/fuer-sammler-und-design-liebhaber-wmf-und-lufthansa-feiern-mit-re-edition-einer-besteckraritaet-genusstradition-an-bord\/","url":"https:\/\/aboutwmf.com\/de\/wmf-press-post\/wmf-consumer\/fuer-sammler-und-design-liebhaber-wmf-und-lufthansa-feiern-mit-re-edition-einer-besteckraritaet-genusstradition-an-bord\/","name":"F\u00fcr Sammler und Design-Liebhaber: WMF und Lufthansa feiern mit Re-Edition einer Besteckrarit\u00e4t Genusstradition an Bord |","isPartOf":{"@id":"https:\/\/aboutwmf.com\/de\/#website"},"primaryImageOfPage":{"@id":"https:\/\/aboutwmf.com\/de\/wmf-press-post\/wmf-consumer\/fuer-sammler-und-design-liebhaber-wmf-und-lufthansa-feiern-mit-re-edition-einer-besteckraritaet-genusstradition-an-bord\/#primaryimage"},"image":{"@id":"https:\/\/aboutwmf.com\/de\/wmf-press-post\/wmf-consumer\/fuer-sammler-und-design-liebhaber-wmf-und-lufthansa-feiern-mit-re-edition-einer-besteckraritaet-genusstradition-an-bord\/#primaryimage"},"thumbnailUrl":"https:\/\/aboutwmf.com\/wp-content\/uploads\/2026\/03\/Titelbild-WMF-Lufthansa-Ju-Edition-First-Class-Besteck2-scaled-e1774964609987.png","datePublished":"2026-03-27T08:44:23+00:00","dateModified":"2026-03-31T13:37:13+00:00","breadcrumb":{"@id":"https:\/\/aboutwmf.com\/de\/wmf-press-post\/wmf-consumer\/fuer-sammler-und-design-liebhaber-wmf-und-lufthansa-feiern-mit-re-edition-einer-besteckraritaet-genusstradition-an-bord\/#breadcrumb"},"inLanguage":"de","potentialAction":[{"@type":"ReadAction","target":["https:\/\/aboutwmf.com\/de\/wmf-press-post\/wmf-consumer\/fuer-sammler-und-design-liebhaber-wmf-und-lufthansa-feiern-mit-re-edition-einer-besteckraritaet-genusstradition-an-bord\/"]}]},{"@type":"ImageObject","inLanguage":"de","@id":"https:\/\/aboutwmf.com\/de\/wmf-press-post\/wmf-consumer\/fuer-sammler-und-design-liebhaber-wmf-und-lufthansa-feiern-mit-re-edition-einer-besteckraritaet-genusstradition-an-bord\/#primaryimage","url":"https:\/\/aboutwmf.com\/wp-content\/uploads\/2026\/03\/Titelbild-WMF-Lufthansa-Ju-Edition-First-Class-Besteck2-scaled-e1774964609987.png","contentUrl":"https:\/\/aboutwmf.com\/wp-content\/uploads\/2026\/03\/Titelbild-WMF-Lufthansa-Ju-Edition-First-Class-Besteck2-scaled-e1774964609987.png","width":2534,"height":887},{"@type":"BreadcrumbList","@id":"https:\/\/aboutwmf.com\/de\/wmf-press-post\/wmf-consumer\/fuer-sammler-und-design-liebhaber-wmf-und-lufthansa-feiern-mit-re-edition-einer-besteckraritaet-genusstradition-an-bord\/#breadcrumb","itemListElement":[{"@type":"ListItem","position":1,"name":"Startseite","item":"https:\/\/aboutwmf.com\/de\/"},{"@type":"ListItem","position":2,"name":"Pressemitteilung","item":"https:\/\/aboutwmf.com\/de\/wmf-press-post\/"},{"@type":"ListItem","position":3,"name":"F\u00fcr Sammler und Design-Liebhaber: WMF und Lufthansa feiern mit Re-Edition einer Besteckrarit\u00e4t Genusstradition an Bord"}]},{"@type":"WebSite","@id":"https:\/\/aboutwmf.com\/de\/#website","url":"https:\/\/aboutwmf.com\/de\/","name":"WMF","description":"","publisher":{"@id":"https:\/\/aboutwmf.com\/de\/#organization"},"potentialAction":[{"@type":"SearchAction","target":{"@type":"EntryPoint","urlTemplate":"https:\/\/aboutwmf.com\/de\/?s={search_term_string}"},"query-input":{"@type":"PropertyValueSpecification","valueRequired":true,"valueName":"search_term_string"}}],"inLanguage":"de"},{"@type":"Organization","@id":"https:\/\/aboutwmf.com\/de\/#organization","name":"WMF GmbH","url":"https:\/\/aboutwmf.com\/de\/","logo":{"@type":"ImageObject","inLanguage":"de","@id":"https:\/\/aboutwmf.com\/de\/#\/schema\/logo\/image\/","url":"https:\/\/aboutwmf.com\/wp-content\/uploads\/2021\/07\/Logo_Black.svg","contentUrl":"https:\/\/aboutwmf.com\/wp-content\/uploads\/2021\/07\/Logo_Black.svg","width":165,"height":51,"caption":"WMF GmbH"},"image":{"@id":"https:\/\/aboutwmf.com\/de\/#\/schema\/logo\/image\/"}}]}},"post-downloads":false,"post_gallery":false,"_links":{"self":[{"href":"https:\/\/aboutwmf.com\/de\/wp-json\/wp\/v2\/wmf_press_post\/9004111222826196","targetHints":{"allow":["GET"]}}],"collection":[{"href":"https:\/\/aboutwmf.com\/de\/wp-json\/wp\/v2\/wmf_press_post"}],"about":[{"href":"https:\/\/aboutwmf.com\/de\/wp-json\/wp\/v2\/types\/wmf_press_post"}],"author":[{"embeddable":true,"href":"https:\/\/aboutwmf.com\/de\/wp-json\/wp\/v2\/users\/19"}],"version-history":[{"count":2,"href":"https:\/\/aboutwmf.com\/de\/wp-json\/wp\/v2\/wmf_press_post\/9004111222826196\/revisions"}],"predecessor-version":[{"id":9004111222826231,"href":"https:\/\/aboutwmf.com\/de\/wp-json\/wp\/v2\/wmf_press_post\/9004111222826196\/revisions\/9004111222826231"}],"wp:featuredmedia":[{"embeddable":true,"href":"https:\/\/aboutwmf.com\/de\/wp-json\/wp\/v2\/media\/9004111222826229"}],"wp:attachment":[{"href":"https:\/\/aboutwmf.com\/de\/wp-json\/wp\/v2\/media?parent=9004111222826196"}],"wp:term":[{"taxonomy":"wmf_post_category","embeddable":true,"href":"https:\/\/aboutwmf.com\/de\/wp-json\/wp\/v2\/wmf_post_category?post=9004111222826196"}],"curies":[{"name":"wp","href":"https:\/\/api.w.org\/{rel}","templated":true}]}}