{"id":9004111222826232,"date":"2026-04-01T13:44:06","date_gmt":"2026-04-01T11:44:06","guid":{"rendered":"https:\/\/aboutwmf.com\/?post_type=wmf_press_post&#038;p=9004111222826232"},"modified":"2026-04-01T13:45:45","modified_gmt":"2026-04-01T11:45:45","slug":"wenn-handwerk-haltung-und-design-zusammenkommen","status":"publish","type":"wmf_press_post","link":"https:\/\/aboutwmf.com\/de\/wmf-press-post\/hepp\/referenzen-kundenstories-hepp\/wenn-handwerk-haltung-und-design-zusammenkommen\/","title":{"rendered":"Wenn Handwerk, Haltung und Design zusammenkommen"},"content":{"rendered":"\n<h2 class=\"wp-block-heading\">Patrick Jenal setzt im Restaurant Kunz auf ACCENT-Besteck von HEPP in PVD Gold, geb\u00fcrstet<\/h2>\n\n\n\n<p>Im Gourmetrestaurant Kunz wird viel Wert auf ein genussvolles Erlebnis gelegt &#8211; durchdacht bis ins kleinste Detail. Unter der Leitung von K\u00fcchenchef Patrick Jenal und Patron Alexander Kunz verbindet das traditionsreiche Haus im saarl\u00e4ndischen St. Wendel moderne franz\u00f6sische K\u00fcche mit besten Produkten, sowie exzellentem Handwerk und Leidenschaft. Dieser Fokus auf Handwerk und Leidenschaft endet jedoch nicht in der K\u00fcche, sondern setzt sich konsequent in der Tischkultur fort. Ein zentrales Element dabei ist das Besteck ACCENT von HEPP, das im Restaurant Kunz seit Kurzem in der Ausf\u00fchrung PVD Gold, geb\u00fcrstet verwendet wird. Zugleich ist es Ausdruck einer engen, langj\u00e4hrigen Partnerschaft, die nun auch durch Jenals Rolle als Markenbotschafter f\u00fcr HEPP sichtbar wird. Er ist \u00fcberzeugt, dass eine Tischkultur mit harmonischen Akzenten und elegantem Design nur dann entsteht, wenn man keinerlei Abstriche in Qualit\u00e4t, \u00c4sthetik und Handwerkskunst akzeptiert.<br>\u00a0<br>F\u00fcr Jenal spielt der gedeckte Tisch eine entscheidende Rolle: \u201eAm Ende z\u00e4hlen f\u00fcr den Gast oft nur zwei Eindr\u00fccke: der erste und der letzte.\u201c Feines Porzellan, mundgeblasene Gl\u00e4ser, wei\u00dfe Tischw\u00e4sche, dezente Floristik und stilvolle Beleuchtung verschmelzen im Restaurant Kunz zu einem harmonischen Gesamtbild. Die Besteckkollektion ACCENT von HEPP erg\u00e4nzt dieses Bild in besonderer Weise. Die Serie \u00fcberzeugt durch schlichte Eleganz, eine ausgewogene Balance der einzelnen Teile und eine Form, die sich angenehm an die Hand anschmiegt. Die markante, klare Formensprache unterstreicht die moderne Ausrichtung der K\u00fcche, ohne dem Produkt auf dem Teller die Aufmerksamkeit zu nehmen.<\/p>\n\n\n\n<h2 class=\"wp-block-heading\">ACCENT PVD Gold, geb\u00fcrstet: Moderne Eleganz am Tisch<\/h2>\n\n\n\n<p>Mit der Entscheidung f\u00fcr ACCENT in PVD Gold setzt das Restaurant Kunz gezielt einen neuen Akzent. \u201eWir arbeiten seit vielen Jahren mit klassischem Silberbesteck. Die Goldoptik war f\u00fcr uns ein klares Zeichen f\u00fcr etwas Neues und eine Ver\u00e4nderung, die f\u00fcr unsere G\u00e4ste sofort sichtbar ist und sich perfekt in unser Interieur integriert\u201c, erkl\u00e4rt Patrick Jenal. Das Besteck wird im Restaurant gezielt eingesetzt und auch bewusst kombiniert. Je nach Men\u00fc kombiniert das Team das goldene ACCENT Besteck bewusst mit dem klassischen Kreuzband Silberbesteck oder speziellen Steakmessern \u2013 ein Mix &amp; Match Prinzip, das dem Table Top zus\u00e4tzliche Tiefe und Modernit\u00e4t verleiht. Die Entscheidung f\u00fcr ACCENT wurde im Restaurant Kunz gemeinsam getroffen. Nach intensiver Betrachtung verschiedener Muster von HEPP tauschte sich das gesamte Team \u00fcber Design, Funktionalit\u00e4t und Wirkung aus und eine \u00fcberw\u00e4ltigende Mehrheit sprach sich schlie\u00dflich f\u00fcr die Serie ACCENT aus.<\/p>\n\n\n\n<h2 class=\"wp-block-heading\">Eine Partnerschaft, die Generationen begleitet<\/h2>\n\n\n\n<p>In dem Traditionsbetrieb mit einer \u00fcber 130-j\u00e4hrigen Geschichte ist HEPP seit Jahrzehnten weit \u00fcber das Besteck hinaus pr\u00e4sent. Denn silberne Table-Top-Elemente, Servierprodukte und klassische Accessoires geh\u00f6ren seit Langem zur Ausstattung des Hauses. \u201eHEPP war schon vor mir in diesem Haus und wird es sicher auch noch nach mir sein\u201c, sagt Patrick Jenal. Die Marke stehe f\u00fcr hochwertige Qualit\u00e4t, die nie aus der Mode komme und Bestand habe. Oder, wie Jenal es mit einem Zitat von Johann Wolfgang von Goethe zusammenfasst:\u2028 \u201eKein Genuss ist vor\u00fcbergehend, denn der Eindruck, den er zur\u00fcckl\u00e4sst, ist bleibend.\u201c<\/p>\n\n\n\n<p><strong>Weitere Informationen:<\/strong><br>proHeq GmbH<br>HEPP<br>Carl-Benz-Str. 10<br>75217 Birkenfeld<br>Tel. +49 7231 4885-500<br><a href=\"mailto:hepp@press-n-relations.de\">hepp@press-n-relations.de<\/a><br><a href=\"https:\/\/www.hepp.de\">https:\/\/www.hepp.de<\/a><br>\u00a0<br><strong>Presse- und \u00d6ffentlichkeitsarbeit:<\/strong><br>Press\u2019n\u2019Relations GmbH<br>D\u00e9sir\u00e9e M\u00fcller und Monika Nyendick<br>Magirus-Deutz-Str. 14<br>89077 Ulm<br>Tel. +49 731 146 156-72<br><a href=\"mailto:dmt@press-n-relations.de\">dmt@press-n-relations.de<\/a><br><a href=\"https:\/\/www.press-n-relations.de\">https:\/\/www.press-n-relations.de<\/a><\/p>\n\n\n\n<p><strong>\u00dcber HEPP<\/strong><br>Mit \u00fcber 160 Jahren Erfahrung ist HEPP der Inbegriff von THE ART OF SERVICE. Als Spezialist f\u00fcr Besteck sowie extravagante Table Top- und Buffet-Produkte unterst\u00fctzt HEPP die Umsetzung einer modernen, anspruchsvollen und \u2013 f\u00fcr jeden Gast \u2013 erlebbaren Tischkultur.\u00a0 HEPP kreiert exklusive und nach Bedarf personalisierte Produkte mit Leidenschaft f\u00fcrs Detail, sodass mit dem hochwertigen Sortiment Kunden ihre pers\u00f6nliche Signatur als erstklassiges Haus zum Ausdruck bringen k\u00f6nnen.<br>\u00a0<br>Unter dieser Pr\u00e4misse gr\u00fcndeten die Br\u00fcder Carl und Otto Hepp im Jahr 1863 die Marke HEPP und gelten damit zu Recht als Erfinder des Hotelsilbers. Die traditionellen Werte wie Zuverl\u00e4ssigkeit und Qualit\u00e4t bilden auch heute noch zusammen mit der Entwicklung neuer Verfahren und Produkte sowie einer flexiblen Fertigung die Grundlage f\u00fcr den Erfolg. Weltweit z\u00e4hlt HEPP zu den bevorzugten Ausstattern f\u00fchrender Hotels, Hotelketten und Restaurants, ebenso wie internationaler Kreuzfahrtreedereien und Airlines.<br>\u00a0<br>Die Marke HEPP ist Teil der Groupe SEB und wird gemeinsam mit weiteren B2B-Marken unter dem Dach der Business Unit \u201eSEB Professional Culinary\u201c vertrieben.<\/p>\n","protected":false},"excerpt":{"rendered":"<p>Patrick Jenal setzt im Restaurant Kunz auf ACCENT-Besteck von HEPP in PVD Gold, geb\u00fcrstet Im Gourmetrestaurant Kunz wird viel Wert auf ein genussvolles Erlebnis gelegt &#8211; durchdacht bis ins kleinste Detail. Unter der Leitung von K\u00fcchenchef Patrick Jenal und Patron Alexander Kunz verbindet das traditionsreiche Haus im saarl\u00e4ndischen St. Wendel moderne franz\u00f6sische K\u00fcche mit besten [&hellip;]<\/p>\n","protected":false},"author":25,"featured_media":9004111222826239,"menu_order":0,"template":"","meta":{"site-sidebar-layout":"default","site-content-layout":"","ast-site-content-layout":"default","site-content-style":"default","site-sidebar-style":"default","ast-global-header-display":"","ast-banner-title-visibility":"","ast-main-header-display":"","ast-hfb-above-header-display":"","ast-hfb-below-header-display":"","ast-hfb-mobile-header-display":"","site-post-title":"","ast-breadcrumbs-content":"","ast-featured-img":"","footer-sml-layout":"","ast-disable-related-posts":"","theme-transparent-header-meta":"","adv-header-id-meta":"","stick-header-meta":"","header-above-stick-meta":"","header-main-stick-meta":"","header-below-stick-meta":"","astra-migrate-meta-layouts":"set","ast-page-background-enabled":"default","ast-page-background-meta":{"desktop":{"background-color":"var(--ast-global-color-4)","background-image":"","background-repeat":"repeat","background-position":"center center","background-size":"auto","background-attachment":"scroll","background-type":"","background-media":"","overlay-type":"","overlay-color":"","overlay-opacity":"","overlay-gradient":""},"tablet":{"background-color":"","background-image":"","background-repeat":"repeat","background-position":"center center","background-size":"auto","background-attachment":"scroll","background-type":"","background-media":"","overlay-type":"","overlay-color":"","overlay-opacity":"","overlay-gradient":""},"mobile":{"background-color":"","background-image":"","background-repeat":"repeat","background-position":"center center","background-size":"auto","background-attachment":"scroll","background-type":"","background-media":"","overlay-type":"","overlay-color":"","overlay-opacity":"","overlay-gradient":""}},"ast-content-background-meta":{"desktop":{"background-color":"var(--ast-global-color-5)","background-image":"","background-repeat":"repeat","background-position":"center center","background-size":"auto","background-attachment":"scroll","background-type":"","background-media":"","overlay-type":"","overlay-color":"","overlay-opacity":"","overlay-gradient":""},"tablet":{"background-color":"var(--ast-global-color-5)","background-image":"","background-repeat":"repeat","background-position":"center center","background-size":"auto","background-attachment":"scroll","background-type":"","background-media":"","overlay-type":"","overlay-color":"","overlay-opacity":"","overlay-gradient":""},"mobile":{"background-color":"var(--ast-global-color-5)","background-image":"","background-repeat":"repeat","background-position":"center center","background-size":"auto","background-attachment":"scroll","background-type":"","background-media":"","overlay-type":"","overlay-color":"","overlay-opacity":"","overlay-gradient":""}},"_themeisle_gutenberg_block_has_review":false,"footnotes":""},"wmf_post_category":[31,157],"class_list":["post-9004111222826232","wmf_press_post","type-wmf_press_post","status-publish","has-post-thumbnail","hentry","wmf_post_category-hepp","wmf_post_category-referenzen-kundenstories-hepp"],"yoast_head":"<!-- This site is optimized with the Yoast SEO plugin v27.3 - https:\/\/yoast.com\/product\/yoast-seo-wordpress\/ -->\n<title>Wenn Handwerk, Haltung und Design zusammenkommen |<\/title>\n<meta name=\"description\" content=\"Im Gourmetrestaurant Kunz wird viel Wert auf ein genussvolles Erlebnis gelegt. Ein zentrales Element dabei ist das Besteck ACCENT von HEPP.\" \/>\n<meta name=\"robots\" content=\"index, follow, max-snippet:-1, max-image-preview:large, max-video-preview:-1\" \/>\n<link rel=\"canonical\" href=\"https:\/\/aboutwmf.com\/de\/wmf-press-post\/hepp\/referenzen-kundenstories-hepp\/wenn-handwerk-haltung-und-design-zusammenkommen\/\" \/>\n<meta property=\"og:locale\" content=\"de_DE\" \/>\n<meta property=\"og:type\" content=\"article\" \/>\n<meta property=\"og:title\" content=\"Wenn Handwerk, Haltung und Design zusammenkommen |\" \/>\n<meta property=\"og:description\" content=\"Im Gourmetrestaurant Kunz wird viel Wert auf ein genussvolles Erlebnis gelegt. Ein zentrales Element dabei ist das Besteck ACCENT von HEPP.\" \/>\n<meta property=\"og:url\" content=\"https:\/\/aboutwmf.com\/de\/wmf-press-post\/hepp\/referenzen-kundenstories-hepp\/wenn-handwerk-haltung-und-design-zusammenkommen\/\" \/>\n<meta property=\"article:modified_time\" content=\"2026-04-01T11:45:45+00:00\" \/>\n<meta property=\"og:image\" content=\"https:\/\/aboutwmf.com\/wp-content\/uploads\/2026\/04\/HEPP-Kunz_Tisch-300-scaled.jpg\" \/>\n\t<meta property=\"og:image:width\" content=\"2560\" \/>\n\t<meta property=\"og:image:height\" content=\"1920\" \/>\n\t<meta property=\"og:image:type\" content=\"image\/jpeg\" \/>\n<meta name=\"twitter:card\" content=\"summary_large_image\" \/>\n<script type=\"application\/ld+json\" class=\"yoast-schema-graph\">{\"@context\":\"https:\\\/\\\/schema.org\",\"@graph\":[{\"@type\":\"WebPage\",\"@id\":\"https:\\\/\\\/aboutwmf.com\\\/de\\\/wmf-press-post\\\/hepp\\\/referenzen-kundenstories-hepp\\\/wenn-handwerk-haltung-und-design-zusammenkommen\\\/\",\"url\":\"https:\\\/\\\/aboutwmf.com\\\/de\\\/wmf-press-post\\\/hepp\\\/referenzen-kundenstories-hepp\\\/wenn-handwerk-haltung-und-design-zusammenkommen\\\/\",\"name\":\"Wenn Handwerk, Haltung und Design zusammenkommen |\",\"isPartOf\":{\"@id\":\"https:\\\/\\\/aboutwmf.com\\\/de\\\/#website\"},\"primaryImageOfPage\":{\"@id\":\"https:\\\/\\\/aboutwmf.com\\\/de\\\/wmf-press-post\\\/hepp\\\/referenzen-kundenstories-hepp\\\/wenn-handwerk-haltung-und-design-zusammenkommen\\\/#primaryimage\"},\"image\":{\"@id\":\"https:\\\/\\\/aboutwmf.com\\\/de\\\/wmf-press-post\\\/hepp\\\/referenzen-kundenstories-hepp\\\/wenn-handwerk-haltung-und-design-zusammenkommen\\\/#primaryimage\"},\"thumbnailUrl\":\"https:\\\/\\\/aboutwmf.com\\\/wp-content\\\/uploads\\\/2026\\\/04\\\/HEPP-Kunz_Tisch-300-scaled.jpg\",\"datePublished\":\"2026-04-01T11:44:06+00:00\",\"dateModified\":\"2026-04-01T11:45:45+00:00\",\"description\":\"Im Gourmetrestaurant Kunz wird viel Wert auf ein genussvolles Erlebnis gelegt. Ein zentrales Element dabei ist das Besteck ACCENT von HEPP.\",\"breadcrumb\":{\"@id\":\"https:\\\/\\\/aboutwmf.com\\\/de\\\/wmf-press-post\\\/hepp\\\/referenzen-kundenstories-hepp\\\/wenn-handwerk-haltung-und-design-zusammenkommen\\\/#breadcrumb\"},\"inLanguage\":\"de\",\"potentialAction\":[{\"@type\":\"ReadAction\",\"target\":[\"https:\\\/\\\/aboutwmf.com\\\/de\\\/wmf-press-post\\\/hepp\\\/referenzen-kundenstories-hepp\\\/wenn-handwerk-haltung-und-design-zusammenkommen\\\/\"]}]},{\"@type\":\"ImageObject\",\"inLanguage\":\"de\",\"@id\":\"https:\\\/\\\/aboutwmf.com\\\/de\\\/wmf-press-post\\\/hepp\\\/referenzen-kundenstories-hepp\\\/wenn-handwerk-haltung-und-design-zusammenkommen\\\/#primaryimage\",\"url\":\"https:\\\/\\\/aboutwmf.com\\\/wp-content\\\/uploads\\\/2026\\\/04\\\/HEPP-Kunz_Tisch-300-scaled.jpg\",\"contentUrl\":\"https:\\\/\\\/aboutwmf.com\\\/wp-content\\\/uploads\\\/2026\\\/04\\\/HEPP-Kunz_Tisch-300-scaled.jpg\",\"width\":2560,\"height\":1920},{\"@type\":\"BreadcrumbList\",\"@id\":\"https:\\\/\\\/aboutwmf.com\\\/de\\\/wmf-press-post\\\/hepp\\\/referenzen-kundenstories-hepp\\\/wenn-handwerk-haltung-und-design-zusammenkommen\\\/#breadcrumb\",\"itemListElement\":[{\"@type\":\"ListItem\",\"position\":1,\"name\":\"Startseite\",\"item\":\"https:\\\/\\\/aboutwmf.com\\\/de\\\/\"},{\"@type\":\"ListItem\",\"position\":2,\"name\":\"Pressemitteilung\",\"item\":\"https:\\\/\\\/aboutwmf.com\\\/de\\\/wmf-press-post\\\/\"},{\"@type\":\"ListItem\",\"position\":3,\"name\":\"Wenn Handwerk, Haltung und Design zusammenkommen\"}]},{\"@type\":\"WebSite\",\"@id\":\"https:\\\/\\\/aboutwmf.com\\\/de\\\/#website\",\"url\":\"https:\\\/\\\/aboutwmf.com\\\/de\\\/\",\"name\":\"WMF\",\"description\":\"\",\"publisher\":{\"@id\":\"https:\\\/\\\/aboutwmf.com\\\/de\\\/#organization\"},\"potentialAction\":[{\"@type\":\"SearchAction\",\"target\":{\"@type\":\"EntryPoint\",\"urlTemplate\":\"https:\\\/\\\/aboutwmf.com\\\/de\\\/?s={search_term_string}\"},\"query-input\":{\"@type\":\"PropertyValueSpecification\",\"valueRequired\":true,\"valueName\":\"search_term_string\"}}],\"inLanguage\":\"de\"},{\"@type\":\"Organization\",\"@id\":\"https:\\\/\\\/aboutwmf.com\\\/de\\\/#organization\",\"name\":\"WMF GmbH\",\"url\":\"https:\\\/\\\/aboutwmf.com\\\/de\\\/\",\"logo\":{\"@type\":\"ImageObject\",\"inLanguage\":\"de\",\"@id\":\"https:\\\/\\\/aboutwmf.com\\\/de\\\/#\\\/schema\\\/logo\\\/image\\\/\",\"url\":\"https:\\\/\\\/aboutwmf.com\\\/wp-content\\\/uploads\\\/2021\\\/07\\\/Logo_Black.svg\",\"contentUrl\":\"https:\\\/\\\/aboutwmf.com\\\/wp-content\\\/uploads\\\/2021\\\/07\\\/Logo_Black.svg\",\"width\":165,\"height\":51,\"caption\":\"WMF GmbH\"},\"image\":{\"@id\":\"https:\\\/\\\/aboutwmf.com\\\/de\\\/#\\\/schema\\\/logo\\\/image\\\/\"}}]}<\/script>\n<!-- \/ Yoast SEO plugin. -->","yoast_head_json":{"title":"Wenn Handwerk, Haltung und Design zusammenkommen |","description":"Im Gourmetrestaurant Kunz wird viel Wert auf ein genussvolles Erlebnis gelegt. Ein zentrales Element dabei ist das Besteck ACCENT von HEPP.","robots":{"index":"index","follow":"follow","max-snippet":"max-snippet:-1","max-image-preview":"max-image-preview:large","max-video-preview":"max-video-preview:-1"},"canonical":"https:\/\/aboutwmf.com\/de\/wmf-press-post\/hepp\/referenzen-kundenstories-hepp\/wenn-handwerk-haltung-und-design-zusammenkommen\/","og_locale":"de_DE","og_type":"article","og_title":"Wenn Handwerk, Haltung und Design zusammenkommen |","og_description":"Im Gourmetrestaurant Kunz wird viel Wert auf ein genussvolles Erlebnis gelegt. Ein zentrales Element dabei ist das Besteck ACCENT von HEPP.","og_url":"https:\/\/aboutwmf.com\/de\/wmf-press-post\/hepp\/referenzen-kundenstories-hepp\/wenn-handwerk-haltung-und-design-zusammenkommen\/","article_modified_time":"2026-04-01T11:45:45+00:00","og_image":[{"width":2560,"height":1920,"url":"https:\/\/aboutwmf.com\/wp-content\/uploads\/2026\/04\/HEPP-Kunz_Tisch-300-scaled.jpg","type":"image\/jpeg"}],"twitter_card":"summary_large_image","schema":{"@context":"https:\/\/schema.org","@graph":[{"@type":"WebPage","@id":"https:\/\/aboutwmf.com\/de\/wmf-press-post\/hepp\/referenzen-kundenstories-hepp\/wenn-handwerk-haltung-und-design-zusammenkommen\/","url":"https:\/\/aboutwmf.com\/de\/wmf-press-post\/hepp\/referenzen-kundenstories-hepp\/wenn-handwerk-haltung-und-design-zusammenkommen\/","name":"Wenn Handwerk, Haltung und Design zusammenkommen |","isPartOf":{"@id":"https:\/\/aboutwmf.com\/de\/#website"},"primaryImageOfPage":{"@id":"https:\/\/aboutwmf.com\/de\/wmf-press-post\/hepp\/referenzen-kundenstories-hepp\/wenn-handwerk-haltung-und-design-zusammenkommen\/#primaryimage"},"image":{"@id":"https:\/\/aboutwmf.com\/de\/wmf-press-post\/hepp\/referenzen-kundenstories-hepp\/wenn-handwerk-haltung-und-design-zusammenkommen\/#primaryimage"},"thumbnailUrl":"https:\/\/aboutwmf.com\/wp-content\/uploads\/2026\/04\/HEPP-Kunz_Tisch-300-scaled.jpg","datePublished":"2026-04-01T11:44:06+00:00","dateModified":"2026-04-01T11:45:45+00:00","description":"Im Gourmetrestaurant Kunz wird viel Wert auf ein genussvolles Erlebnis gelegt. Ein zentrales Element dabei ist das Besteck ACCENT von HEPP.","breadcrumb":{"@id":"https:\/\/aboutwmf.com\/de\/wmf-press-post\/hepp\/referenzen-kundenstories-hepp\/wenn-handwerk-haltung-und-design-zusammenkommen\/#breadcrumb"},"inLanguage":"de","potentialAction":[{"@type":"ReadAction","target":["https:\/\/aboutwmf.com\/de\/wmf-press-post\/hepp\/referenzen-kundenstories-hepp\/wenn-handwerk-haltung-und-design-zusammenkommen\/"]}]},{"@type":"ImageObject","inLanguage":"de","@id":"https:\/\/aboutwmf.com\/de\/wmf-press-post\/hepp\/referenzen-kundenstories-hepp\/wenn-handwerk-haltung-und-design-zusammenkommen\/#primaryimage","url":"https:\/\/aboutwmf.com\/wp-content\/uploads\/2026\/04\/HEPP-Kunz_Tisch-300-scaled.jpg","contentUrl":"https:\/\/aboutwmf.com\/wp-content\/uploads\/2026\/04\/HEPP-Kunz_Tisch-300-scaled.jpg","width":2560,"height":1920},{"@type":"BreadcrumbList","@id":"https:\/\/aboutwmf.com\/de\/wmf-press-post\/hepp\/referenzen-kundenstories-hepp\/wenn-handwerk-haltung-und-design-zusammenkommen\/#breadcrumb","itemListElement":[{"@type":"ListItem","position":1,"name":"Startseite","item":"https:\/\/aboutwmf.com\/de\/"},{"@type":"ListItem","position":2,"name":"Pressemitteilung","item":"https:\/\/aboutwmf.com\/de\/wmf-press-post\/"},{"@type":"ListItem","position":3,"name":"Wenn Handwerk, Haltung und Design zusammenkommen"}]},{"@type":"WebSite","@id":"https:\/\/aboutwmf.com\/de\/#website","url":"https:\/\/aboutwmf.com\/de\/","name":"WMF","description":"","publisher":{"@id":"https:\/\/aboutwmf.com\/de\/#organization"},"potentialAction":[{"@type":"SearchAction","target":{"@type":"EntryPoint","urlTemplate":"https:\/\/aboutwmf.com\/de\/?s={search_term_string}"},"query-input":{"@type":"PropertyValueSpecification","valueRequired":true,"valueName":"search_term_string"}}],"inLanguage":"de"},{"@type":"Organization","@id":"https:\/\/aboutwmf.com\/de\/#organization","name":"WMF GmbH","url":"https:\/\/aboutwmf.com\/de\/","logo":{"@type":"ImageObject","inLanguage":"de","@id":"https:\/\/aboutwmf.com\/de\/#\/schema\/logo\/image\/","url":"https:\/\/aboutwmf.com\/wp-content\/uploads\/2021\/07\/Logo_Black.svg","contentUrl":"https:\/\/aboutwmf.com\/wp-content\/uploads\/2021\/07\/Logo_Black.svg","width":165,"height":51,"caption":"WMF GmbH"},"image":{"@id":"https:\/\/aboutwmf.com\/de\/#\/schema\/logo\/image\/"}}]}},"post-downloads":false,"post_gallery":[{"ID":"9004111222826233","post_author":"25","post_date":"2026-04-01 13:41:16","post_date_gmt":"2026-04-01 11:41:16","post_content":"","post_title":"HEPP-Kunz_ACCENT_gold-300","post_excerpt":"","post_status":"inherit","comment_status":"closed","ping_status":"closed","post_password":"","post_name":"hepp-kunz_accent_gold-300","to_ping":"","pinged":"","post_modified":"2026-04-01 13:41:16","post_modified_gmt":"2026-04-01 11:41:16","post_content_filtered":"","post_parent":"9004111222826232","guid":"https:\/\/aboutwmf.com\/wp-content\/uploads\/2026\/04\/HEPP-Kunz_ACCENT_gold-300.jpg","menu_order":"0","post_type":"attachment","post_mime_type":"image\/jpeg","comment_count":"0","pod_item_id":"9004111222826233"},{"ID":"9004111222826235","post_author":"25","post_date":"2026-04-01 13:41:27","post_date_gmt":"2026-04-01 11:41:27","post_content":"","post_title":"HEPP-Kunz_eindecken-300","post_excerpt":"","post_status":"inherit","comment_status":"closed","ping_status":"closed","post_password":"","post_name":"hepp-kunz_eindecken-300","to_ping":"","pinged":"","post_modified":"2026-04-01 13:41:27","post_modified_gmt":"2026-04-01 11:41:27","post_content_filtered":"","post_parent":"9004111222826232","guid":"https:\/\/aboutwmf.com\/wp-content\/uploads\/2026\/04\/HEPP-Kunz_eindecken-300.jpg","menu_order":"0","post_type":"attachment","post_mime_type":"image\/jpeg","comment_count":"0","pod_item_id":"9004111222826235"},{"ID":"9004111222826237","post_author":"25","post_date":"2026-04-01 13:41:41","post_date_gmt":"2026-04-01 11:41:41","post_content":"","post_title":"HEPP-Kunz_Restaurant","post_excerpt":"","post_status":"inherit","comment_status":"closed","ping_status":"closed","post_password":"","post_name":"hepp-kunz_restaurant","to_ping":"","pinged":"","post_modified":"2026-04-01 13:41:41","post_modified_gmt":"2026-04-01 11:41:41","post_content_filtered":"","post_parent":"9004111222826232","guid":"https:\/\/aboutwmf.com\/wp-content\/uploads\/2026\/04\/HEPP-Kunz_Restaurant.jpg","menu_order":"0","post_type":"attachment","post_mime_type":"image\/jpeg","comment_count":"0","pod_item_id":"9004111222826237"},{"ID":"9004111222826239","post_author":"25","post_date":"2026-04-01 13:42:58","post_date_gmt":"2026-04-01 11:42:58","post_content":"","post_title":"HEPP-Kunz_Tisch-300","post_excerpt":"","post_status":"inherit","comment_status":"closed","ping_status":"closed","post_password":"","post_name":"hepp-kunz_tisch-300","to_ping":"","pinged":"","post_modified":"2026-04-01 13:42:58","post_modified_gmt":"2026-04-01 11:42:58","post_content_filtered":"","post_parent":"9004111222826232","guid":"https:\/\/aboutwmf.com\/wp-content\/uploads\/2026\/04\/HEPP-Kunz_Tisch-300.jpg","menu_order":"0","post_type":"attachment","post_mime_type":"image\/jpeg","comment_count":"0","pod_item_id":"9004111222826239"},{"ID":"9004111222826241","post_author":"25","post_date":"2026-04-01 13:43:07","post_date_gmt":"2026-04-01 11:43:07","post_content":"","post_title":"Kunz Theatre, Alexander Kunz und Patrick Jenal fotografiert am 18.03.2025.","post_excerpt":"Kunz Theatre, Alexander Kunz und Patrick Jenal fotografiert am 18.03.2025.","post_status":"inherit","comment_status":"closed","ping_status":"closed","post_password":"","post_name":"kunz-theatre-alexander-kunz-und-patrick-jenal-fotografiert-am-18-03-2025","to_ping":"","pinged":"","post_modified":"2026-04-01 13:43:07","post_modified_gmt":"2026-04-01 11:43:07","post_content_filtered":"","post_parent":"9004111222826232","guid":"https:\/\/aboutwmf.com\/wp-content\/uploads\/2026\/04\/HEPP-Patrick_Jenal.jpg","menu_order":"0","post_type":"attachment","post_mime_type":"image\/jpeg","comment_count":"0","pod_item_id":"9004111222826241"}],"_links":{"self":[{"href":"https:\/\/aboutwmf.com\/de\/wp-json\/wp\/v2\/wmf_press_post\/9004111222826232","targetHints":{"allow":["GET"]}}],"collection":[{"href":"https:\/\/aboutwmf.com\/de\/wp-json\/wp\/v2\/wmf_press_post"}],"about":[{"href":"https:\/\/aboutwmf.com\/de\/wp-json\/wp\/v2\/types\/wmf_press_post"}],"author":[{"embeddable":true,"href":"https:\/\/aboutwmf.com\/de\/wp-json\/wp\/v2\/users\/25"}],"version-history":[{"count":1,"href":"https:\/\/aboutwmf.com\/de\/wp-json\/wp\/v2\/wmf_press_post\/9004111222826232\/revisions"}],"predecessor-version":[{"id":9004111222826243,"href":"https:\/\/aboutwmf.com\/de\/wp-json\/wp\/v2\/wmf_press_post\/9004111222826232\/revisions\/9004111222826243"}],"wp:featuredmedia":[{"embeddable":true,"href":"https:\/\/aboutwmf.com\/de\/wp-json\/wp\/v2\/media\/9004111222826239"}],"wp:attachment":[{"href":"https:\/\/aboutwmf.com\/de\/wp-json\/wp\/v2\/media?parent=9004111222826232"}],"wp:term":[{"taxonomy":"wmf_post_category","embeddable":true,"href":"https:\/\/aboutwmf.com\/de\/wp-json\/wp\/v2\/wmf_post_category?post=9004111222826232"}],"curies":[{"name":"wp","href":"https:\/\/api.w.org\/{rel}","templated":true}]}}