{"id":9004111222826301,"date":"2026-04-27T14:01:57","date_gmt":"2026-04-27T12:01:57","guid":{"rendered":"https:\/\/aboutwmf.com\/?post_type=wmf_press_post&#038;p=9004111222826301"},"modified":"2026-04-27T14:02:31","modified_gmt":"2026-04-27T12:02:31","slug":"optimiert-fuer-den-point-of-sale","status":"publish","type":"wmf_press_post","link":"https:\/\/aboutwmf.com\/de\/wmf-press-post\/groupe-seb-dach\/optimiert-fuer-den-point-of-sale\/","title":{"rendered":"Optimiert f\u00fcr den Point of Sale"},"content":{"rendered":"\n<h2 class=\"wp-block-heading\">WMF Professional pr\u00e4sentiert Cash &amp; Carry-Konzept f\u00fcr Besteckl\u00f6sungen<\/h2>\n\n\n\n<p>Mit einem speziell auf die Anforderungen von Cash &amp; Carry- und Mitnahmem\u00e4rkten zugeschnittenen POS-Ansatz bringt WMF Professional seine bew\u00e4hrten Besteckkollektionen direkt dorthin, wo viele Kaufentscheidungen getroffen werden: ins Regal. Das neue Konzept wurde speziell f\u00fcr die Anforderungen von Selbstbedienungsm\u00e4rkten entwickelt und kombiniert eine darauf zugeschnittene Verpackungslogik mit hoher Markensichtbarkeit am Point of Sale. Das Sortiment umfasst ausgew\u00e4hlte Cromargan\u00ae&nbsp;18\/10-Besteckkollektionen, darunter die Linien BASE und SARA. Pro Kollektion stehen sieben Artikel zur Verf\u00fcgung \u2013 Men\u00fcmesser, Men\u00fcgabel, Men\u00fcl\u00f6ffel, Kuchengabel, Kaffeel\u00f6ffel, Dessert-\/Mokkal\u00f6ffel sowie Limol\u00f6ffel. Damit deckt WMF Professional alle wesentlichen Einsatzbereiche des gastronomischen Alltags ab. Die standardisierten 12er\u2011Verpackungseinheiten erleichtern sowohl die Bestellung als auch das schnelle Nachf\u00fcllen am POS und unterst\u00fctzen damit einen reibungslosen Ablauf im Gro\u00dfhandel.<br>&nbsp;<\/p>\n\n\n\n<p>Im Fokus des Konzepts stehen halboffene 12er\u2011Verpackungseinheiten, die sich flexibel in bestehende Regalsysteme integrieren lassen, sowohl h\u00e4ngend am Haken als auch stehend auf dem Fachboden. Das gro\u00dfz\u00fcgige Sichtfenster erlaubt einen direkten Blick auf das Produkt und unterst\u00fctzt eine schnelle, intuitive Auswahl \u2013 ein entscheidender Vorteil in selbstbedienten Cash-&amp;\u2011Carry\u2011Umgebungen.<br>Durch das klare Design, eine eindeutig erkennbare Markenzuordnung und die deutliche Produktkennzeichnung bietet die Verpackung hohe Orientierung am Regal und erleichtert die schnelle Zuordnung im Sortiment. Das Zusammenspiel aus Haptik, Wiedererkennbarkeit und einer klaren Struktur schafft ein Einkaufserlebnis, das Impulsk\u00e4ufe zus\u00e4tzlich f\u00f6rdert.<\/p>\n\n\n\n<h2 class=\"wp-block-heading\">Komplettl\u00f6sungen f\u00fcr den schnellen Bedarf<\/h2>\n\n\n\n<p>Erg\u00e4nzend zu den Einzelartikeln bietet WMF Professional auch 24\u2011, 30\u2011 und 60\u2011teilige Bestecksets an. Diese Sets erm\u00f6glichen eine sofortige, unkomplizierte Komplettausstattung \u2013 ideal f\u00fcr unterschiedlichste Einsatzbereiche, von der schnellen Nachr\u00fcstung in Betrieben bis hin zur Ausstattung von Kaffeek\u00fcchen.\u2028Damit vereint das Cash-&amp;-Carry-Konzept schnelle Verf\u00fcgbarkeit, klare Orientierung und hohe Produktqualit\u00e4t im SB-Bereich.<br>&nbsp;<\/p>\n\n\n\n<p><strong>Weitere Informationen:<\/strong><br>proHeq GmbH<br>WMF Professional<br>Carl-Benz-Str. 10<br>75217 Birkenfeld<br>Tel. +49 7231 4885-500<br><a href=\"wmf@press-n-relations.de\">wmf@press-n-relations.de\u00a0<\/a><br><a href=\"https:\/\/www.wmf-professional.de\">https:\/\/www.wmf-professional.de\u00a0<\/a><\/p>\n\n\n\n<p><strong>Presse- und \u00d6ffentlichkeitsarbeit:<\/strong><br>WMF Presseb\u00fcro<br>c\/o Press\u2019n\u2019Relations GmbH<br>D\u00e9sir\u00e9e M\u00fcller und Monika Nyendick<br>Magirus-Deutz-Str. 14<br>89077 Ulm<br>Tel. +49 731 146 156-72<br><a href=\"mailto:wmf@press-n-relations.de\">wmf@press-n-relations.de<\/a><br><a href=\"htps:\/\/www.press-n-relations.de\">htps:\/\/www.press-n-relations.de<\/a><\/p>\n\n\n\n<p><strong>\u00dcber WMF<br><\/strong>Als \u201eExpert of Table Culture\u201c bietet WMF Professional eine breite Produktpalette f\u00fcr die Gastronomie und Hotellerie. Mit seinen hochwertigen Produkten schafft WMF Professional ein unvergleichliches kulinarisches Erlebnis. Sorgf\u00e4ltig gestaltete Bestecke, Geschirr, Glas sowie Servierartikel und Buffetl\u00f6sungen von h\u00f6chster Qualit\u00e4t erf\u00fcllen die hohen Anspr\u00fcche der Kunden in \u00fcber 120 L\u00e4ndern der Welt. Zudem bietet WMF Professional ganzheitliche Konzepte f\u00fcr die Ausstattung von Apartments an, mit einer Auswahl an Groupe SEB Elektrokleinger\u00e4ten und dem gewohnten WMF Professional Produktportfolio.<br>\u00a0<br>WMF, kurz f\u00fcr W\u00fcrttembergische Metallwarenfabrik, ist ein f\u00fchrender Premiumanbieter f\u00fcr Haushaltsprodukte, professionelle Kaffeemaschinen und Hotelequipment. 1853 in Geislingen an der Steige gegr\u00fcndet, steht die Marke f\u00fcr Innovation aus Tradition sowie Entwicklung und Design \u201eMade in Germany\u201c.<br>\u00a0<br>Die Marke WMF Professional ist Teil der Groupe SEB und wird gemeinsam mit weiteren B2B-Marken unter dem Dach der Business Unit \u201eSEB Professional Culinary\u201c vertrieben.<\/p>\n","protected":false},"excerpt":{"rendered":"<p>WMF Professional pr\u00e4sentiert Cash &amp; Carry-Konzept f\u00fcr Besteckl\u00f6sungen Mit einem speziell auf die Anforderungen von Cash &amp; Carry- und Mitnahmem\u00e4rkten zugeschnittenen POS-Ansatz bringt WMF Professional seine bew\u00e4hrten Besteckkollektionen direkt dorthin, wo viele Kaufentscheidungen getroffen werden: ins Regal. Das neue Konzept wurde speziell f\u00fcr die Anforderungen von Selbstbedienungsm\u00e4rkten entwickelt und kombiniert eine darauf zugeschnittene Verpackungslogik mit [&hellip;]<\/p>\n","protected":false},"author":25,"featured_media":9004111222826307,"menu_order":0,"template":"","meta":{"site-sidebar-layout":"default","site-content-layout":"","ast-site-content-layout":"default","site-content-style":"default","site-sidebar-style":"default","ast-global-header-display":"","ast-banner-title-visibility":"","ast-main-header-display":"","ast-hfb-above-header-display":"","ast-hfb-below-header-display":"","ast-hfb-mobile-header-display":"","site-post-title":"","ast-breadcrumbs-content":"","ast-featured-img":"","footer-sml-layout":"","ast-disable-related-posts":"","theme-transparent-header-meta":"","adv-header-id-meta":"","stick-header-meta":"","header-above-stick-meta":"","header-main-stick-meta":"","header-below-stick-meta":"","astra-migrate-meta-layouts":"set","ast-page-background-enabled":"default","ast-page-background-meta":{"desktop":{"background-color":"var(--ast-global-color-4)","background-image":"","background-repeat":"repeat","background-position":"center center","background-size":"auto","background-attachment":"scroll","background-type":"","background-media":"","overlay-type":"","overlay-color":"","overlay-opacity":"","overlay-gradient":""},"tablet":{"background-color":"","background-image":"","background-repeat":"repeat","background-position":"center center","background-size":"auto","background-attachment":"scroll","background-type":"","background-media":"","overlay-type":"","overlay-color":"","overlay-opacity":"","overlay-gradient":""},"mobile":{"background-color":"","background-image":"","background-repeat":"repeat","background-position":"center center","background-size":"auto","background-attachment":"scroll","background-type":"","background-media":"","overlay-type":"","overlay-color":"","overlay-opacity":"","overlay-gradient":""}},"ast-content-background-meta":{"desktop":{"background-color":"var(--ast-global-color-5)","background-image":"","background-repeat":"repeat","background-position":"center center","background-size":"auto","background-attachment":"scroll","background-type":"","background-media":"","overlay-type":"","overlay-color":"","overlay-opacity":"","overlay-gradient":""},"tablet":{"background-color":"var(--ast-global-color-5)","background-image":"","background-repeat":"repeat","background-position":"center center","background-size":"auto","background-attachment":"scroll","background-type":"","background-media":"","overlay-type":"","overlay-color":"","overlay-opacity":"","overlay-gradient":""},"mobile":{"background-color":"var(--ast-global-color-5)","background-image":"","background-repeat":"repeat","background-position":"center center","background-size":"auto","background-attachment":"scroll","background-type":"","background-media":"","overlay-type":"","overlay-color":"","overlay-opacity":"","overlay-gradient":""}},"_themeisle_gutenberg_block_has_review":false,"footnotes":""},"wmf_post_category":[14,30],"class_list":["post-9004111222826301","wmf_press_post","type-wmf_press_post","status-publish","has-post-thumbnail","hentry","wmf_post_category-groupe-seb-dach","wmf_post_category-wmf-professional-hotel-equipment"],"yoast_head":"<!-- This site is optimized with the Yoast SEO plugin v27.3 - https:\/\/yoast.com\/product\/yoast-seo-wordpress\/ -->\n<title>Optimiert f\u00fcr den Point of Sale |<\/title>\n<meta name=\"description\" content=\"WMF Professional bringt seine bew\u00e4hrten Besteckkollektionen direkt dorthin, wo viele Kaufentscheidungen getroffen werden: ins Regal.\" \/>\n<meta name=\"robots\" content=\"index, follow, max-snippet:-1, max-image-preview:large, max-video-preview:-1\" \/>\n<link rel=\"canonical\" href=\"https:\/\/aboutwmf.com\/de\/wmf-press-post\/groupe-seb-dach\/optimiert-fuer-den-point-of-sale\/\" \/>\n<meta property=\"og:locale\" content=\"de_DE\" \/>\n<meta property=\"og:type\" content=\"article\" \/>\n<meta property=\"og:title\" content=\"Optimiert f\u00fcr den Point of Sale |\" \/>\n<meta property=\"og:description\" content=\"WMF Professional bringt seine bew\u00e4hrten Besteckkollektionen direkt dorthin, wo viele Kaufentscheidungen getroffen werden: ins Regal.\" \/>\n<meta property=\"og:url\" content=\"https:\/\/aboutwmf.com\/de\/wmf-press-post\/groupe-seb-dach\/optimiert-fuer-den-point-of-sale\/\" \/>\n<meta property=\"article:modified_time\" content=\"2026-04-27T12:02:31+00:00\" \/>\n<meta property=\"og:image\" content=\"https:\/\/aboutwmf.com\/wp-content\/uploads\/2026\/04\/WMF_Besteckregal_Detail-scaled.jpeg\" \/>\n\t<meta property=\"og:image:width\" content=\"2560\" \/>\n\t<meta property=\"og:image:height\" content=\"1440\" \/>\n\t<meta property=\"og:image:type\" content=\"image\/jpeg\" \/>\n<meta name=\"twitter:card\" content=\"summary_large_image\" \/>\n<script type=\"application\/ld+json\" class=\"yoast-schema-graph\">{\"@context\":\"https:\\\/\\\/schema.org\",\"@graph\":[{\"@type\":\"WebPage\",\"@id\":\"https:\\\/\\\/aboutwmf.com\\\/de\\\/wmf-press-post\\\/groupe-seb-dach\\\/optimiert-fuer-den-point-of-sale\\\/\",\"url\":\"https:\\\/\\\/aboutwmf.com\\\/de\\\/wmf-press-post\\\/groupe-seb-dach\\\/optimiert-fuer-den-point-of-sale\\\/\",\"name\":\"Optimiert f\u00fcr den Point of Sale |\",\"isPartOf\":{\"@id\":\"https:\\\/\\\/aboutwmf.com\\\/de\\\/#website\"},\"primaryImageOfPage\":{\"@id\":\"https:\\\/\\\/aboutwmf.com\\\/de\\\/wmf-press-post\\\/groupe-seb-dach\\\/optimiert-fuer-den-point-of-sale\\\/#primaryimage\"},\"image\":{\"@id\":\"https:\\\/\\\/aboutwmf.com\\\/de\\\/wmf-press-post\\\/groupe-seb-dach\\\/optimiert-fuer-den-point-of-sale\\\/#primaryimage\"},\"thumbnailUrl\":\"https:\\\/\\\/aboutwmf.com\\\/wp-content\\\/uploads\\\/2026\\\/04\\\/WMF_Besteckregal_Detail-scaled.jpeg\",\"datePublished\":\"2026-04-27T12:01:57+00:00\",\"dateModified\":\"2026-04-27T12:02:31+00:00\",\"description\":\"WMF Professional bringt seine bew\u00e4hrten Besteckkollektionen direkt dorthin, wo viele Kaufentscheidungen getroffen werden: ins Regal.\",\"breadcrumb\":{\"@id\":\"https:\\\/\\\/aboutwmf.com\\\/de\\\/wmf-press-post\\\/groupe-seb-dach\\\/optimiert-fuer-den-point-of-sale\\\/#breadcrumb\"},\"inLanguage\":\"de\",\"potentialAction\":[{\"@type\":\"ReadAction\",\"target\":[\"https:\\\/\\\/aboutwmf.com\\\/de\\\/wmf-press-post\\\/groupe-seb-dach\\\/optimiert-fuer-den-point-of-sale\\\/\"]}]},{\"@type\":\"ImageObject\",\"inLanguage\":\"de\",\"@id\":\"https:\\\/\\\/aboutwmf.com\\\/de\\\/wmf-press-post\\\/groupe-seb-dach\\\/optimiert-fuer-den-point-of-sale\\\/#primaryimage\",\"url\":\"https:\\\/\\\/aboutwmf.com\\\/wp-content\\\/uploads\\\/2026\\\/04\\\/WMF_Besteckregal_Detail-scaled.jpeg\",\"contentUrl\":\"https:\\\/\\\/aboutwmf.com\\\/wp-content\\\/uploads\\\/2026\\\/04\\\/WMF_Besteckregal_Detail-scaled.jpeg\",\"width\":2560,\"height\":1440},{\"@type\":\"BreadcrumbList\",\"@id\":\"https:\\\/\\\/aboutwmf.com\\\/de\\\/wmf-press-post\\\/groupe-seb-dach\\\/optimiert-fuer-den-point-of-sale\\\/#breadcrumb\",\"itemListElement\":[{\"@type\":\"ListItem\",\"position\":1,\"name\":\"Startseite\",\"item\":\"https:\\\/\\\/aboutwmf.com\\\/de\\\/\"},{\"@type\":\"ListItem\",\"position\":2,\"name\":\"Pressemitteilung\",\"item\":\"https:\\\/\\\/aboutwmf.com\\\/de\\\/wmf-press-post\\\/\"},{\"@type\":\"ListItem\",\"position\":3,\"name\":\"Optimiert f\u00fcr den Point of Sale\"}]},{\"@type\":\"WebSite\",\"@id\":\"https:\\\/\\\/aboutwmf.com\\\/de\\\/#website\",\"url\":\"https:\\\/\\\/aboutwmf.com\\\/de\\\/\",\"name\":\"WMF\",\"description\":\"\",\"publisher\":{\"@id\":\"https:\\\/\\\/aboutwmf.com\\\/de\\\/#organization\"},\"potentialAction\":[{\"@type\":\"SearchAction\",\"target\":{\"@type\":\"EntryPoint\",\"urlTemplate\":\"https:\\\/\\\/aboutwmf.com\\\/de\\\/?s={search_term_string}\"},\"query-input\":{\"@type\":\"PropertyValueSpecification\",\"valueRequired\":true,\"valueName\":\"search_term_string\"}}],\"inLanguage\":\"de\"},{\"@type\":\"Organization\",\"@id\":\"https:\\\/\\\/aboutwmf.com\\\/de\\\/#organization\",\"name\":\"WMF GmbH\",\"url\":\"https:\\\/\\\/aboutwmf.com\\\/de\\\/\",\"logo\":{\"@type\":\"ImageObject\",\"inLanguage\":\"de\",\"@id\":\"https:\\\/\\\/aboutwmf.com\\\/de\\\/#\\\/schema\\\/logo\\\/image\\\/\",\"url\":\"https:\\\/\\\/aboutwmf.com\\\/wp-content\\\/uploads\\\/2021\\\/07\\\/Logo_Black.svg\",\"contentUrl\":\"https:\\\/\\\/aboutwmf.com\\\/wp-content\\\/uploads\\\/2021\\\/07\\\/Logo_Black.svg\",\"width\":165,\"height\":51,\"caption\":\"WMF GmbH\"},\"image\":{\"@id\":\"https:\\\/\\\/aboutwmf.com\\\/de\\\/#\\\/schema\\\/logo\\\/image\\\/\"}}]}<\/script>\n<!-- \/ Yoast SEO plugin. -->","yoast_head_json":{"title":"Optimiert f\u00fcr den Point of Sale |","description":"WMF Professional bringt seine bew\u00e4hrten Besteckkollektionen direkt dorthin, wo viele Kaufentscheidungen getroffen werden: ins Regal.","robots":{"index":"index","follow":"follow","max-snippet":"max-snippet:-1","max-image-preview":"max-image-preview:large","max-video-preview":"max-video-preview:-1"},"canonical":"https:\/\/aboutwmf.com\/de\/wmf-press-post\/groupe-seb-dach\/optimiert-fuer-den-point-of-sale\/","og_locale":"de_DE","og_type":"article","og_title":"Optimiert f\u00fcr den Point of Sale |","og_description":"WMF Professional bringt seine bew\u00e4hrten Besteckkollektionen direkt dorthin, wo viele Kaufentscheidungen getroffen werden: ins Regal.","og_url":"https:\/\/aboutwmf.com\/de\/wmf-press-post\/groupe-seb-dach\/optimiert-fuer-den-point-of-sale\/","article_modified_time":"2026-04-27T12:02:31+00:00","og_image":[{"width":2560,"height":1440,"url":"https:\/\/aboutwmf.com\/wp-content\/uploads\/2026\/04\/WMF_Besteckregal_Detail-scaled.jpeg","type":"image\/jpeg"}],"twitter_card":"summary_large_image","schema":{"@context":"https:\/\/schema.org","@graph":[{"@type":"WebPage","@id":"https:\/\/aboutwmf.com\/de\/wmf-press-post\/groupe-seb-dach\/optimiert-fuer-den-point-of-sale\/","url":"https:\/\/aboutwmf.com\/de\/wmf-press-post\/groupe-seb-dach\/optimiert-fuer-den-point-of-sale\/","name":"Optimiert f\u00fcr den Point of Sale |","isPartOf":{"@id":"https:\/\/aboutwmf.com\/de\/#website"},"primaryImageOfPage":{"@id":"https:\/\/aboutwmf.com\/de\/wmf-press-post\/groupe-seb-dach\/optimiert-fuer-den-point-of-sale\/#primaryimage"},"image":{"@id":"https:\/\/aboutwmf.com\/de\/wmf-press-post\/groupe-seb-dach\/optimiert-fuer-den-point-of-sale\/#primaryimage"},"thumbnailUrl":"https:\/\/aboutwmf.com\/wp-content\/uploads\/2026\/04\/WMF_Besteckregal_Detail-scaled.jpeg","datePublished":"2026-04-27T12:01:57+00:00","dateModified":"2026-04-27T12:02:31+00:00","description":"WMF Professional bringt seine bew\u00e4hrten Besteckkollektionen direkt dorthin, wo viele Kaufentscheidungen getroffen werden: ins Regal.","breadcrumb":{"@id":"https:\/\/aboutwmf.com\/de\/wmf-press-post\/groupe-seb-dach\/optimiert-fuer-den-point-of-sale\/#breadcrumb"},"inLanguage":"de","potentialAction":[{"@type":"ReadAction","target":["https:\/\/aboutwmf.com\/de\/wmf-press-post\/groupe-seb-dach\/optimiert-fuer-den-point-of-sale\/"]}]},{"@type":"ImageObject","inLanguage":"de","@id":"https:\/\/aboutwmf.com\/de\/wmf-press-post\/groupe-seb-dach\/optimiert-fuer-den-point-of-sale\/#primaryimage","url":"https:\/\/aboutwmf.com\/wp-content\/uploads\/2026\/04\/WMF_Besteckregal_Detail-scaled.jpeg","contentUrl":"https:\/\/aboutwmf.com\/wp-content\/uploads\/2026\/04\/WMF_Besteckregal_Detail-scaled.jpeg","width":2560,"height":1440},{"@type":"BreadcrumbList","@id":"https:\/\/aboutwmf.com\/de\/wmf-press-post\/groupe-seb-dach\/optimiert-fuer-den-point-of-sale\/#breadcrumb","itemListElement":[{"@type":"ListItem","position":1,"name":"Startseite","item":"https:\/\/aboutwmf.com\/de\/"},{"@type":"ListItem","position":2,"name":"Pressemitteilung","item":"https:\/\/aboutwmf.com\/de\/wmf-press-post\/"},{"@type":"ListItem","position":3,"name":"Optimiert f\u00fcr den Point of Sale"}]},{"@type":"WebSite","@id":"https:\/\/aboutwmf.com\/de\/#website","url":"https:\/\/aboutwmf.com\/de\/","name":"WMF","description":"","publisher":{"@id":"https:\/\/aboutwmf.com\/de\/#organization"},"potentialAction":[{"@type":"SearchAction","target":{"@type":"EntryPoint","urlTemplate":"https:\/\/aboutwmf.com\/de\/?s={search_term_string}"},"query-input":{"@type":"PropertyValueSpecification","valueRequired":true,"valueName":"search_term_string"}}],"inLanguage":"de"},{"@type":"Organization","@id":"https:\/\/aboutwmf.com\/de\/#organization","name":"WMF GmbH","url":"https:\/\/aboutwmf.com\/de\/","logo":{"@type":"ImageObject","inLanguage":"de","@id":"https:\/\/aboutwmf.com\/de\/#\/schema\/logo\/image\/","url":"https:\/\/aboutwmf.com\/wp-content\/uploads\/2021\/07\/Logo_Black.svg","contentUrl":"https:\/\/aboutwmf.com\/wp-content\/uploads\/2021\/07\/Logo_Black.svg","width":165,"height":51,"caption":"WMF GmbH"},"image":{"@id":"https:\/\/aboutwmf.com\/de\/#\/schema\/logo\/image\/"}}]}},"post-downloads":false,"post_gallery":[{"ID":"9004111222826303","post_author":"25","post_date":"2026-04-27 14:00:23","post_date_gmt":"2026-04-27 12:00:23","post_content":"","post_title":"WMF_BASE_Kaffeloeffel","post_excerpt":"","post_status":"inherit","comment_status":"closed","ping_status":"closed","post_password":"","post_name":"wmf_base_kaffeloeffel","to_ping":"","pinged":"","post_modified":"2026-04-27 14:00:23","post_modified_gmt":"2026-04-27 12:00:23","post_content_filtered":"","post_parent":"9004111222826301","guid":"https:\/\/aboutwmf.com\/wp-content\/uploads\/2026\/04\/WMF_BASE_Kaffeloeffel.jpg","menu_order":"0","post_type":"attachment","post_mime_type":"image\/jpeg","comment_count":"0","pod_item_id":"9004111222826303"},{"ID":"9004111222826305","post_author":"25","post_date":"2026-04-27 14:00:31","post_date_gmt":"2026-04-27 12:00:31","post_content":"","post_title":"WMF_BASE_Menuegabel","post_excerpt":"","post_status":"inherit","comment_status":"closed","ping_status":"closed","post_password":"","post_name":"wmf_base_menuegabel","to_ping":"","pinged":"","post_modified":"2026-04-27 14:00:31","post_modified_gmt":"2026-04-27 12:00:31","post_content_filtered":"","post_parent":"9004111222826301","guid":"https:\/\/aboutwmf.com\/wp-content\/uploads\/2026\/04\/WMF_BASE_Menuegabel.jpg","menu_order":"0","post_type":"attachment","post_mime_type":"image\/jpeg","comment_count":"0","pod_item_id":"9004111222826305"},{"ID":"9004111222826307","post_author":"25","post_date":"2026-04-27 14:00:40","post_date_gmt":"2026-04-27 12:00:40","post_content":"","post_title":"WMF_Besteckregal_Detail","post_excerpt":"","post_status":"inherit","comment_status":"closed","ping_status":"closed","post_password":"","post_name":"wmf_besteckregal_detail","to_ping":"","pinged":"","post_modified":"2026-04-27 14:00:40","post_modified_gmt":"2026-04-27 12:00:40","post_content_filtered":"","post_parent":"9004111222826301","guid":"https:\/\/aboutwmf.com\/wp-content\/uploads\/2026\/04\/WMF_Besteckregal_Detail.jpeg","menu_order":"0","post_type":"attachment","post_mime_type":"image\/jpeg","comment_count":"0","pod_item_id":"9004111222826307"},{"ID":"9004111222826309","post_author":"25","post_date":"2026-04-27 14:00:47","post_date_gmt":"2026-04-27 12:00:47","post_content":"","post_title":"WMF_Besteckregal","post_excerpt":"","post_status":"inherit","comment_status":"closed","ping_status":"closed","post_password":"","post_name":"wmf_besteckregal","to_ping":"","pinged":"","post_modified":"2026-04-27 14:00:47","post_modified_gmt":"2026-04-27 12:00:47","post_content_filtered":"","post_parent":"9004111222826301","guid":"https:\/\/aboutwmf.com\/wp-content\/uploads\/2026\/04\/WMF_Besteckregal.jpeg","menu_order":"0","post_type":"attachment","post_mime_type":"image\/jpeg","comment_count":"0","pod_item_id":"9004111222826309"},{"ID":"9004111222826311","post_author":"25","post_date":"2026-04-27 14:00:54","post_date_gmt":"2026-04-27 12:00:54","post_content":"","post_title":"WMF_SARA_Kaffeloeffel","post_excerpt":"","post_status":"inherit","comment_status":"closed","ping_status":"closed","post_password":"","post_name":"wmf_sara_kaffeloeffel","to_ping":"","pinged":"","post_modified":"2026-04-27 14:00:54","post_modified_gmt":"2026-04-27 12:00:54","post_content_filtered":"","post_parent":"9004111222826301","guid":"https:\/\/aboutwmf.com\/wp-content\/uploads\/2026\/04\/WMF_SARA_Kaffeloeffel.jpg","menu_order":"0","post_type":"attachment","post_mime_type":"image\/jpeg","comment_count":"0","pod_item_id":"9004111222826311"},{"ID":"9004111222826313","post_author":"25","post_date":"2026-04-27 14:01:01","post_date_gmt":"2026-04-27 12:01:01","post_content":"","post_title":"WMF_SARA_Menuegabel","post_excerpt":"","post_status":"inherit","comment_status":"closed","ping_status":"closed","post_password":"","post_name":"wmf_sara_menuegabel","to_ping":"","pinged":"","post_modified":"2026-04-27 14:01:01","post_modified_gmt":"2026-04-27 12:01:01","post_content_filtered":"","post_parent":"9004111222826301","guid":"https:\/\/aboutwmf.com\/wp-content\/uploads\/2026\/04\/WMF_SARA_Menuegabel.jpg","menu_order":"0","post_type":"attachment","post_mime_type":"image\/jpeg","comment_count":"0","pod_item_id":"9004111222826313"}],"_links":{"self":[{"href":"https:\/\/aboutwmf.com\/de\/wp-json\/wp\/v2\/wmf_press_post\/9004111222826301","targetHints":{"allow":["GET"]}}],"collection":[{"href":"https:\/\/aboutwmf.com\/de\/wp-json\/wp\/v2\/wmf_press_post"}],"about":[{"href":"https:\/\/aboutwmf.com\/de\/wp-json\/wp\/v2\/types\/wmf_press_post"}],"author":[{"embeddable":true,"href":"https:\/\/aboutwmf.com\/de\/wp-json\/wp\/v2\/users\/25"}],"version-history":[{"count":1,"href":"https:\/\/aboutwmf.com\/de\/wp-json\/wp\/v2\/wmf_press_post\/9004111222826301\/revisions"}],"predecessor-version":[{"id":9004111222826302,"href":"https:\/\/aboutwmf.com\/de\/wp-json\/wp\/v2\/wmf_press_post\/9004111222826301\/revisions\/9004111222826302"}],"wp:featuredmedia":[{"embeddable":true,"href":"https:\/\/aboutwmf.com\/de\/wp-json\/wp\/v2\/media\/9004111222826307"}],"wp:attachment":[{"href":"https:\/\/aboutwmf.com\/de\/wp-json\/wp\/v2\/media?parent=9004111222826301"}],"wp:term":[{"taxonomy":"wmf_post_category","embeddable":true,"href":"https:\/\/aboutwmf.com\/de\/wp-json\/wp\/v2\/wmf_post_category?post=9004111222826301"}],"curies":[{"name":"wp","href":"https:\/\/api.w.org\/{rel}","templated":true}]}}